{"id":69126,"date":"2018-05-21T19:28:23","date_gmt":"2018-05-21T17:28:23","guid":{"rendered":"http:\/\/www.tucomarca.com\/wordpress\/segunda\/?p=69126"},"modified":"2018-05-21T19:28:23","modified_gmt":"2018-05-21T17:28:23","slug":"el-hospital-de-la-ribera-reune-a-un-centenar-de-profesionales-en-unas-jornadas-sobre-fractura-de-cadera","status":"publish","type":"post","link":"https:\/\/www.tucomarca.com\/wordpress\/segunda\/el-hospital-de-la-ribera-reune-a-un-centenar-de-profesionales-en-unas-jornadas-sobre-fractura-de-cadera\/","title":{"rendered":"El Hospital de La Ribera re\u00fane a un centenar de profesionales en unas jornadas sobre fractura de cadera"},"content":{"rendered":"<figure id=\"attachment_69127\" aria-describedby=\"caption-attachment-69127\" style=\"width: 456px\" class=\"wp-caption alignleft\"><img loading=\"lazy\" decoding=\"async\" class=\" wp-image-69127\" src=\"https:\/\/www.tucomarca.com\/wordpress\/segunda\/wp-content\/uploads\/2018\/05\/LaRibera-1024x683.jpg\" alt=\"Las jornadas han sido inauguradas por el director general de Asistencia Sanitaria, Rafael Sotoca.\" width=\"456\" height=\"304\" srcset=\"https:\/\/www.tucomarca.com\/wordpress\/segunda\/wp-content\/uploads\/2018\/05\/LaRibera-1024x683.jpg 1024w, https:\/\/www.tucomarca.com\/wordpress\/segunda\/wp-content\/uploads\/2018\/05\/LaRibera-300x200.jpg 300w, https:\/\/www.tucomarca.com\/wordpress\/segunda\/wp-content\/uploads\/2018\/05\/LaRibera-768x512.jpg 768w\" sizes=\"auto, (max-width: 456px) 100vw, 456px\" \/><figcaption id=\"caption-attachment-69127\" class=\"wp-caption-text\">Las jornadas han sido inauguradas por el director general de Asistencia Sanitaria, Rafael Sotoca.<\/figcaption><\/figure>\n<p>Un centenar de profesionales procedentes de hospitales de toda la Comunitat Valenciana asisten a las I Jornadas Auton\u00f3micas de Manejo Multidisciplinar de Fractura de Cadera, organizadas por el Hospital de la Ribera.<\/p>\n<p>Se trata de profesionales de Urgencias, Traumatolog\u00eda, Geriatr\u00eda, Anestesia, Medicina Interna, Medicina de Familia, Enfermer\u00eda y Rehabilitaci\u00f3n pertenecientes a 13 hospitales de la red p\u00fablica valenciana.<\/p>\n<p>Las jornadas han sido inauguradas por el director general de Asistencia Sanitaria, Rafael Sotoca, quien ha estado acompa\u00f1ado por la presidenta del Colegio de M\u00e9dicos, Mercedes Hurtado, y el coordinador m\u00e9dico-quir\u00fargico del Hospital de la Ribera, Jos\u00e9 Emilio Llopis.<\/p>\n<p>El objetivo de estas jornadas es destacar la importancia del manejo multidisciplinar de los pacientes con fractura de cadera, aspecto \u00e9ste poco habitual en los hospitales espa\u00f1oles y en el que el Hospital de Alzira cuenta con una contrastada experiencia. Este tipo de tratamiento supone abordar la fractura de cadera en las etapas pre y postoperatoria, hasta el alta m\u00e9dica del paciente fuera del hospital y para continuar con su rehabilitaci\u00f3n integral.<\/p>\n<p>\u00abSe hac\u00eda necesaria la organizaci\u00f3n de unas jornadas de \u00e1mbito auton\u00f3mico que nos permitieran conocer qu\u00e9 hacemos y c\u00f3mo abordamos la fractura de cadera en los diferentes hospitales de la Comunitat Valenciana y que nos van a facilitar el dise\u00f1o de gu\u00edas cl\u00ednicas y protocolos conjuntos que nos ayuden a homogeneizar el abordaje de esta patolog\u00eda\u00bb, ha se\u00f1alado Francisco Tarazona, de la Unidad de Geriatr\u00eda del Hospital de la Ribera.<\/p>\n<p>Cabe destacar, en este sentido, que el abordaje integral de la fractura de cadera \u00abest\u00e1 logrando resultados muy importantes en los centros hospitalarios donde se aplica, lo que se traduce en un aumento de la recuperaci\u00f3n funcional del paciente y en una disminuci\u00f3n de la mortalidad asociada a esta patolog\u00eda\u00bb, ha se\u00f1alado el Tarazona.<\/p>\n<p>As\u00ed, en el Hospital de Alzira, este tipo de abordaje est\u00e1 contribuyendo a que el 70% de los pacientes operados de fractura de cadera abandone el hospital, tras recibir el alta, por su propio pie, mientras que, a los seis meses de la intervenci\u00f3n, el 80% de los pacientes operados ha recuperado ya la capacidad de caminar.<\/p>\n<p>Adem\u00e1s, los centros hospitalarios en los que se realiza una atenci\u00f3n integral de este tipo de pacientes, la mortalidad hospitalaria asociada a esta patolog\u00eda se reduce pr\u00e1cticamente a la mitad, pasando del 5-6% de los casos al 2,5-3%.<\/p>\n<p><b>Fractura de cadera<\/b><\/p>\n<p>La fractura de cadera es una de las complicaciones m\u00e1s graves de la osteoporosis. Se calcula que, en Espa\u00f1a, se producen entre 50.000 y 60.000 fracturas de cadera al a\u00f1o.<\/p>\n<p>Se trata de una patolog\u00eda que afecta a pacientes cada vez m\u00e1s mayores, con una gran comorbilidad (es decir, que padecen dos o m\u00e1s trastornos o enfermedades), m\u00faltiples tratamientos farmacol\u00f3gicos y frecuentemente con antecedentes de demencia o deterioro funcional.<\/p>\n","protected":false},"excerpt":{"rendered":"<div class=\"mh-excerpt\">Un centenar de profesionales procedentes de hospitales de toda la Comunitat Valenciana asisten a las I Jornadas Auton\u00f3micas de Manejo Multidisciplinar de Fractura de Cadera, organizadas por el Hospital de la Ribera. Se trata de <a class=\"mh-excerpt-more\" href=\"https:\/\/www.tucomarca.com\/wordpress\/segunda\/el-hospital-de-la-ribera-reune-a-un-centenar-de-profesionales-en-unas-jornadas-sobre-fractura-de-cadera\/\" title=\"El Hospital de La Ribera re\u00fane a un centenar de profesionales en unas jornadas sobre fractura de cadera\">[+] <\/a><\/div>\n","protected":false},"author":1,"featured_media":69127,"comment_status":"open","ping_status":"open","sticky":false,"template":"","format":"standard","meta":{"footnotes":""},"categories":[119,8,72,42,45],"tags":[3640],"class_list":{"0":"post-69126","1":"post","2":"type-post","3":"status-publish","4":"format-standard","5":"has-post-thumbnail","7":"category-sanidad-la-comarca","8":"category-la-comarca","9":"category-sin-categorizar","10":"category-la-ribera","11":"category-ventana","12":"tag-la-ribera-alta"},"_links":{"self":[{"href":"https:\/\/www.tucomarca.com\/wordpress\/segunda\/wp-json\/wp\/v2\/posts\/69126","targetHints":{"allow":["GET"]}}],"collection":[{"href":"https:\/\/www.tucomarca.com\/wordpress\/segunda\/wp-json\/wp\/v2\/posts"}],"about":[{"href":"https:\/\/www.tucomarca.com\/wordpress\/segunda\/wp-json\/wp\/v2\/types\/post"}],"author":[{"embeddable":true,"href":"https:\/\/www.tucomarca.com\/wordpress\/segunda\/wp-json\/wp\/v2\/users\/1"}],"replies":[{"embeddable":true,"href":"https:\/\/www.tucomarca.com\/wordpress\/segunda\/wp-json\/wp\/v2\/comments?post=69126"}],"version-history":[{"count":0,"href":"https:\/\/www.tucomarca.com\/wordpress\/segunda\/wp-json\/wp\/v2\/posts\/69126\/revisions"}],"wp:featuredmedia":[{"embeddable":true,"href":"https:\/\/www.tucomarca.com\/wordpress\/segunda\/wp-json\/wp\/v2\/media\/69127"}],"wp:attachment":[{"href":"https:\/\/www.tucomarca.com\/wordpress\/segunda\/wp-json\/wp\/v2\/media?parent=69126"}],"wp:term":[{"taxonomy":"category","embeddable":true,"href":"https:\/\/www.tucomarca.com\/wordpress\/segunda\/wp-json\/wp\/v2\/categories?post=69126"},{"taxonomy":"post_tag","embeddable":true,"href":"https:\/\/www.tucomarca.com\/wordpress\/segunda\/wp-json\/wp\/v2\/tags?post=69126"}],"curies":[{"name":"wp","href":"https:\/\/api.w.org\/{rel}","templated":true}]}}