{"id":6918,"date":"2012-08-31T13:47:16","date_gmt":"2012-08-31T11:47:16","guid":{"rendered":"http:\/\/www.tucomarca.com\/wordpress\/segunda\/?p=6918"},"modified":"2012-08-31T13:47:16","modified_gmt":"2012-08-31T11:47:16","slug":"gobernacion-amplia-la-preemergencia-por-riesgo-de-incendios-forestales-a-toda-la-comunitat-valenciana-3","status":"publish","type":"post","link":"https:\/\/www.tucomarca.com\/wordpress\/segunda\/gobernacion-amplia-la-preemergencia-por-riesgo-de-incendios-forestales-a-toda-la-comunitat-valenciana-3\/","title":{"rendered":"Gobernaci\u00f3n ampl\u00eda la Preemergencia por riesgo de incendios forestales a toda la Comunitat Valenciana"},"content":{"rendered":"<p>La Conselleria de Gobernaci\u00f3n, a trav\u00e9s del Centro de Coordinaci\u00f3n de Emergencias (CCE), ha ampliado hoy viernes, 31 de agosto, el Nivel 3 de Preemergencia, riesgo m\u00e1ximo de incendios forestales a toda la Comunitat Valenciana con motivo de la operaci\u00f3n retorno de las vacaciones.<br \/>\nLa Agencia Estatal de Meteorolog\u00eda prev\u00e9 para esta jornada \u00aben la mitad norte intervalos nubosos con posibilidad de alg\u00fan<br \/>\nchubasco d\u00e9bil y disperso a primeras horas, tendiendo a poco<br \/>\nnuboso. En la mitad sur, nuboso o muy nubosos al principio, con<br \/>\nprobables chubascos moderados o localmente fuertes y acompa\u00f1ados<br \/>\nde tormenta, tendiendo a remitir r\u00e1pidamente y a disminuir a<br \/>\nintervalos nubosos. Temperaturas en descenso en general, las<br \/>\nm\u00e1ximas ligero a moderado en la mitad norte y moderado en la mitad<br \/>\nsur y las m\u00ednimas ligera a moderadamente. Vientos del noroeste en<br \/>\nel tercio norte, moderados con intervalos fuertes o muy fuertes,<br \/>\nen el resto, predominio del nordeste, flojo a moderado en el<br \/>\ncentro de la Comunitat e interior sur, y moderado en el litoral de<br \/>\nla mitad sur\u00bb.<br \/>\nLa conselleria de Gobernaci\u00f3n recuerda que el Nivel 3 de Preemergencia o riesgo m\u00e1ximo de incendios forestales supone la prohibici\u00f3n de realizar cualquier tipo de fuego, incluso en las zonas recreativas autorizadas y habilitadas al efecto, e insiste en que con car\u00e1cter general las quemas agr\u00edcolas en el monte o a menos de 500 metros de terreno forestal est\u00e1n completamente prohibidas entre el 1 de junio y el 30 de septiembre.<br \/>\nAnte esta situaci\u00f3n, el CCE mantiene contacto directo con todos los ayuntamientos y organismos de emergencia afectados con el fin de informarles de la situaci\u00f3n y evoluci\u00f3n de la Preemergencia prevista para el d\u00eda hoy. Los efectivos que conforman el Plan Especial ante el riesgo de incendios forestales de la Comunitat Valenciana se encuentran en m\u00e1xima alerta por si es necesaria su intervenci\u00f3n.<br \/>\nPor \u00faltimo, el CCE y la conselleria de Gobernaci\u00f3n hacen un llamamiento a la prudencia de la sociedad en general para evitar, en la medida de lo posible, posibles incendios forestales y a seguir en todo momento las recomendaciones que se derivan de decretar Preemergencia por riesgo de incendios forestales.<\/p>\n","protected":false},"excerpt":{"rendered":"<div class=\"mh-excerpt\">La Conselleria de Gobernaci\u00f3n, a trav\u00e9s del Centro de Coordinaci\u00f3n de Emergencias (CCE), ha ampliado hoy viernes, 31 de agosto, el Nivel 3 de Preemergencia, riesgo m\u00e1ximo de incendios forestales a toda la Comunitat Valenciana <a class=\"mh-excerpt-more\" href=\"https:\/\/www.tucomarca.com\/wordpress\/segunda\/gobernacion-amplia-la-preemergencia-por-riesgo-de-incendios-forestales-a-toda-la-comunitat-valenciana-3\/\" title=\"Gobernaci\u00f3n ampl\u00eda la Preemergencia por riesgo de incendios forestales a toda la Comunitat Valenciana\">[+] <\/a><\/div>\n","protected":false},"author":2,"featured_media":0,"comment_status":"open","ping_status":"open","sticky":false,"template":"","format":"standard","meta":{"footnotes":""},"categories":[8,72,10,3],"tags":[390],"class_list":{"0":"post-6918","1":"post","2":"type-post","3":"status-publish","4":"format-standard","6":"category-la-comarca","7":"category-sin-categorizar","8":"category-la-hoya","9":"category-seccion","10":"tag-gobernacion"},"_links":{"self":[{"href":"https:\/\/www.tucomarca.com\/wordpress\/segunda\/wp-json\/wp\/v2\/posts\/6918","targetHints":{"allow":["GET"]}}],"collection":[{"href":"https:\/\/www.tucomarca.com\/wordpress\/segunda\/wp-json\/wp\/v2\/posts"}],"about":[{"href":"https:\/\/www.tucomarca.com\/wordpress\/segunda\/wp-json\/wp\/v2\/types\/post"}],"author":[{"embeddable":true,"href":"https:\/\/www.tucomarca.com\/wordpress\/segunda\/wp-json\/wp\/v2\/users\/2"}],"replies":[{"embeddable":true,"href":"https:\/\/www.tucomarca.com\/wordpress\/segunda\/wp-json\/wp\/v2\/comments?post=6918"}],"version-history":[{"count":0,"href":"https:\/\/www.tucomarca.com\/wordpress\/segunda\/wp-json\/wp\/v2\/posts\/6918\/revisions"}],"wp:attachment":[{"href":"https:\/\/www.tucomarca.com\/wordpress\/segunda\/wp-json\/wp\/v2\/media?parent=6918"}],"wp:term":[{"taxonomy":"category","embeddable":true,"href":"https:\/\/www.tucomarca.com\/wordpress\/segunda\/wp-json\/wp\/v2\/categories?post=6918"},{"taxonomy":"post_tag","embeddable":true,"href":"https:\/\/www.tucomarca.com\/wordpress\/segunda\/wp-json\/wp\/v2\/tags?post=6918"}],"curies":[{"name":"wp","href":"https:\/\/api.w.org\/{rel}","templated":true}]}}