{"id":69202,"date":"2018-05-23T16:58:00","date_gmt":"2018-05-23T14:58:00","guid":{"rendered":"http:\/\/www.tucomarca.com\/wordpress\/segunda\/?p=69202"},"modified":"2018-05-23T16:58:00","modified_gmt":"2018-05-23T14:58:00","slug":"detienen-a-2-menores-e-investigan-a-otros-21-y-a-4-adultos-de-bunol-por-trafico-de-drogas-y-presuntos-robos-en-domicilios-a-cargo-de-dos-grupos-organizados","status":"publish","type":"post","link":"https:\/\/www.tucomarca.com\/wordpress\/segunda\/detienen-a-2-menores-e-investigan-a-otros-21-y-a-4-adultos-de-bunol-por-trafico-de-drogas-y-presuntos-robos-en-domicilios-a-cargo-de-dos-grupos-organizados\/","title":{"rendered":"Detienen a 2 menores e investigan a otros 21 y a 4 adultos de Bu\u00f1ol por tr\u00e1fico de drogas y presuntos robos en domicilios a cargo de dos grupos organizados"},"content":{"rendered":"<figure id=\"attachment_69206\" aria-describedby=\"caption-attachment-69206\" style=\"width: 398px\" class=\"wp-caption alignleft\"><img loading=\"lazy\" decoding=\"async\" class=\" wp-image-69206\" src=\"https:\/\/www.tucomarca.com\/wordpress\/segunda\/wp-content\/uploads\/2018\/05\/GCsillasmontar-1024x768.jpg\" alt=\"Parte del material robado que ha sido incautado por la Guardia Civil durante las operaciones policiales.\" width=\"398\" height=\"299\" srcset=\"https:\/\/www.tucomarca.com\/wordpress\/segunda\/wp-content\/uploads\/2018\/05\/GCsillasmontar-1024x768.jpg 1024w, https:\/\/www.tucomarca.com\/wordpress\/segunda\/wp-content\/uploads\/2018\/05\/GCsillasmontar-300x225.jpg 300w, https:\/\/www.tucomarca.com\/wordpress\/segunda\/wp-content\/uploads\/2018\/05\/GCsillasmontar-768x576.jpg 768w\" sizes=\"auto, (max-width: 398px) 100vw, 398px\" \/><figcaption id=\"caption-attachment-69206\" class=\"wp-caption-text\">Parte del material robado que ha sido incautado por la Guardia Civil durante las operaciones policiales.<\/figcaption><\/figure>\n<p>Tal como han informado fuentes de la Comandancia de la Guardia Civil de Val\u00e8ncia, \u00abdesde finales del a\u00f1o 2017 se ven\u00edan realizando unas investigaciones por agentes de la Guardia Civil del Puesto de Bu\u00f1ol en relaci\u00f3n a diversos robos con fuerza y hurtos que estaban ocurriendo en la citada localidad\u00bb.<\/p>\n<p>La fase de explotaci\u00f3n se ha saldado con \u00abla implicaci\u00f3n en total de 27 personas entre mayores y menores de edad, siendo finalmente detenidos 2 menores y el resto, 21 menores y 4 adultos, investigados con responsabilidad por su supuesta participaci\u00f3n como autores en multitud de hechos delictivos, entre los que se encuentran robos con fuerza, hurtos, da\u00f1os, robos con violencia, amenazas con arma blanca, coacciones, obstrucci\u00f3n a la justicia, trafico de drogas y receptaci\u00f3n. Se ha podido recuperar algunos de los efectos sustra\u00eddos en cuatro\u00a0casetas, entre lo que destacan varias sillas de montar ubicadas alrededor del casco urbano de Bu\u00f1ol. Dichos efectos han sido reconocidos por sus leg\u00edtimos propietarios, si\u00e9ndoles devueltos\u00bb, seg\u00fan las fuentes oficiales consultadas.<\/p>\n<div class=\"page\" title=\"Page 3\">\n<div class=\"section\">\n<div class=\"layoutArea\">\n<div class=\"column\">\n<p>Desde la Comandancia de la Guardia Civil han a\u00f1adido que tambi\u00e9n se consigui\u00f3 recuperar 3 motosierras robadas en el\u00a0instituto de Bu\u00f1ol, sustra\u00eddas de los m\u00f3dulos de formaci\u00f3n profesional de jardiner\u00eda.<\/p>\n<\/div>\n<\/div>\n<\/div>\n<\/div>\n<p>Tal como han explicado desde la Guardia Civil, \u00abfruto de las investigaciones practicadas se determin\u00f3 la existencia dos grupos diferenciados de menores de la localidad de Bu\u00f1ol que estaban cometiendo los hechos delictivos que se estaban investigando. Observando en ambos grupos dos modus operandi muy definidos, bien mediante escalo o bien mediante fractura de bomb\u00edn (romper el interior de las cerraduras de las puertas). Varios de los menores implicados practicaban la modalidad deportiva \u201cparcour\u201d consistente en saltos acrob\u00e1ticos sobre el mobiliario urbano, lo que explicar\u00eda la especial habilidad cometida y saltos a gran altura de alguno de los robos\u00bb.<\/p>\n<p>Las mismas fuentes han explicado que debido a la \u00abcomplejidad y la gran cantidad de menores implicados, se dividi\u00f3 la investigaci\u00f3n en dos operaciones denominadas simult\u00e1neamente \u201cparkurs\u201d y \u201ckurpar\u201d, con el fin de poder determinar la estructura y componentes de ambos grupos delictivos\u00bb.<span class=\"Apple-converted-space\">\u00a0<\/span><\/p>\n<p>Tras las investigaciones realizadas, se ha podido\u00a0\u00abdeterminar la implicaci\u00f3n de los menores en multitud de hechos delictivos. En muchos de ellos, los propios menores montaban sus propios dispositivos de contra-vigilancia, mientras unos robaban otros segu\u00edan a las victimas de sus robos, al objeto de avisar a los primeros si el due\u00f1o volv\u00eda a casa y no los sorprendiera in fraganti\u00bb.<\/p>\n<p>Paralelamente la actividad de los grupos iba pareja junto a la compra-venta de marihuana, en peque\u00f1as dosis y distribuida entre menores de Bu\u00f1ol y alrededores.\u00a0Las diligencias han pasado a disposici\u00f3n del\u00a0Juzgado de Guardia de Requena\u00a0y\u00a0a la Fiscalia de Menores de Valencia.<\/p>\n","protected":false},"excerpt":{"rendered":"<div class=\"mh-excerpt\">Tal como han informado fuentes de la Comandancia de la Guardia Civil de Val\u00e8ncia, \u00abdesde finales del a\u00f1o 2017 se ven\u00edan realizando unas investigaciones por agentes de la Guardia Civil del Puesto de Bu\u00f1ol en <a class=\"mh-excerpt-more\" href=\"https:\/\/www.tucomarca.com\/wordpress\/segunda\/detienen-a-2-menores-e-investigan-a-otros-21-y-a-4-adultos-de-bunol-por-trafico-de-drogas-y-presuntos-robos-en-domicilios-a-cargo-de-dos-grupos-organizados\/\" title=\"Detienen a 2 menores e investigan a otros 21 y a 4 adultos de Bu\u00f1ol por tr\u00e1fico de drogas y presuntos robos en domicilios a cargo de dos grupos organizados\">[+] <\/a><\/div>\n","protected":false},"author":1,"featured_media":69206,"comment_status":"open","ping_status":"open","sticky":false,"template":"","format":"standard","meta":{"footnotes":""},"categories":[18,8,72,10,10698,3,116,45],"tags":[10385,742,5952,33],"class_list":{"0":"post-69202","1":"post","2":"type-post","3":"status-publish","4":"format-standard","5":"has-post-thumbnail","7":"category-bunol","8":"category-la-comarca","9":"category-sin-categorizar","10":"category-la-hoya","11":"category-premsavalenciana","12":"category-seccion","13":"category-sucesos-la-comarca","14":"category-ventana","15":"tag-bunol","16":"tag-detenidos","17":"tag-la-hoya-de-bunol-chiva","18":"tag-sucesos"},"_links":{"self":[{"href":"https:\/\/www.tucomarca.com\/wordpress\/segunda\/wp-json\/wp\/v2\/posts\/69202","targetHints":{"allow":["GET"]}}],"collection":[{"href":"https:\/\/www.tucomarca.com\/wordpress\/segunda\/wp-json\/wp\/v2\/posts"}],"about":[{"href":"https:\/\/www.tucomarca.com\/wordpress\/segunda\/wp-json\/wp\/v2\/types\/post"}],"author":[{"embeddable":true,"href":"https:\/\/www.tucomarca.com\/wordpress\/segunda\/wp-json\/wp\/v2\/users\/1"}],"replies":[{"embeddable":true,"href":"https:\/\/www.tucomarca.com\/wordpress\/segunda\/wp-json\/wp\/v2\/comments?post=69202"}],"version-history":[{"count":0,"href":"https:\/\/www.tucomarca.com\/wordpress\/segunda\/wp-json\/wp\/v2\/posts\/69202\/revisions"}],"wp:featuredmedia":[{"embeddable":true,"href":"https:\/\/www.tucomarca.com\/wordpress\/segunda\/wp-json\/wp\/v2\/media\/69206"}],"wp:attachment":[{"href":"https:\/\/www.tucomarca.com\/wordpress\/segunda\/wp-json\/wp\/v2\/media?parent=69202"}],"wp:term":[{"taxonomy":"category","embeddable":true,"href":"https:\/\/www.tucomarca.com\/wordpress\/segunda\/wp-json\/wp\/v2\/categories?post=69202"},{"taxonomy":"post_tag","embeddable":true,"href":"https:\/\/www.tucomarca.com\/wordpress\/segunda\/wp-json\/wp\/v2\/tags?post=69202"}],"curies":[{"name":"wp","href":"https:\/\/api.w.org\/{rel}","templated":true}]}}