{"id":69231,"date":"2018-05-28T11:05:58","date_gmt":"2018-05-28T09:05:58","guid":{"rendered":"http:\/\/www.tucomarca.com\/wordpress\/segunda\/?p=69231"},"modified":"2018-05-28T14:39:54","modified_gmt":"2018-05-28T12:39:54","slug":"el-consorcio-valencia-interior-ensena-a-compostar-en-casa-para-reducir-residuos","status":"publish","type":"post","link":"https:\/\/www.tucomarca.com\/wordpress\/segunda\/el-consorcio-valencia-interior-ensena-a-compostar-en-casa-para-reducir-residuos\/","title":{"rendered":"El Consorcio Valencia Interior ense\u00f1a a compostar en casa para reducir residuos"},"content":{"rendered":"<figure id=\"attachment_69235\" aria-describedby=\"caption-attachment-69235\" style=\"width: 496px\" class=\"wp-caption alignleft\"><img loading=\"lazy\" decoding=\"async\" class=\" wp-image-69235\" src=\"https:\/\/www.tucomarca.com\/wordpress\/segunda\/wp-content\/uploads\/2018\/05\/reciclaje1.jpg\" alt=\"M\u00e1s de 400 personas han aprendido a aprovechar la materia org\u00e1nica haciendo compost que podr\u00e1n utilizar en sus huertos o jardines.\" width=\"496\" height=\"279\" srcset=\"https:\/\/www.tucomarca.com\/wordpress\/segunda\/wp-content\/uploads\/2018\/05\/reciclaje1.jpg 850w, https:\/\/www.tucomarca.com\/wordpress\/segunda\/wp-content\/uploads\/2018\/05\/reciclaje1-300x169.jpg 300w, https:\/\/www.tucomarca.com\/wordpress\/segunda\/wp-content\/uploads\/2018\/05\/reciclaje1-768x432.jpg 768w\" sizes=\"auto, (max-width: 496px) 100vw, 496px\" \/><figcaption id=\"caption-attachment-69235\" class=\"wp-caption-text\"><em>M\u00e1s de 400 personas han aprendido a aprovechar la materia org\u00e1nica haciendo compost que podr\u00e1n utilizar en sus huertos o jardines.<\/em><\/figcaption><\/figure>\n<p><b>M\u00e1s de 400 personas han aprendido a aprovechar la materia org\u00e1nica haciendo compost que podr\u00e1n utilizar en sus huertos o jardines<\/b><\/p>\n<p>El Consorcio Valencia Interior lleva cerca un a\u00f1o apostando por el compostaje dom\u00e9stico y comunitario, tanto en los centros escolares como en los hogares, como m\u00e9todo natural para reducir la generaci\u00f3n de residuos org\u00e1nicos. Es por ello que el CVI ha desarrollado un proyecto de compostaje con dos acciones claramente definidas: una en el \u00e1mbito escolar, de acompa\u00f1amiento a la implantaci\u00f3n de compostaje comunitario en centros de ense\u00f1anza, y otro de \u00e1mbito domiciliario, enfocado a hogares de los municipios del CVI. Desde que se inici\u00f3 la campa\u00f1a se han realizado un total de diez acciones a las que han asistido m\u00e1s de 400 personas.<\/p>\n<p>Las actividades de compostaje en escuelas se han centrado en el instituto y el Centro Rural Agrupado de Ademuz, en el instituto de Chelva y en el colegio y el instituto de Alpuente. La actividad se ha dirigido por un lado a los profesores y personal de las cocinas de los centros escolares y, por otro lado, a los propios alumnos.\u00a0 A todos se les ha informado sobre el tipo de residuos que pueden depositar en los compostadores\u00a0 que el CVI ha entregado a los centros, as\u00ed como el procedimiento para su transformaci\u00f3n en compost, materia que volver\u00e1 a la tierra a trav\u00e9s de los huertos escolares, macetas y jardines.<\/p>\n<p><img loading=\"lazy\" decoding=\"async\" class=\"alignleft wp-image-69236\" src=\"https:\/\/www.tucomarca.com\/wordpress\/segunda\/wp-content\/uploads\/2018\/05\/reciclaje2.jpg\" alt=\"\" width=\"501\" height=\"282\" srcset=\"https:\/\/www.tucomarca.com\/wordpress\/segunda\/wp-content\/uploads\/2018\/05\/reciclaje2.jpg 850w, https:\/\/www.tucomarca.com\/wordpress\/segunda\/wp-content\/uploads\/2018\/05\/reciclaje2-300x169.jpg 300w, https:\/\/www.tucomarca.com\/wordpress\/segunda\/wp-content\/uploads\/2018\/05\/reciclaje2-768x432.jpg 768w\" sizes=\"auto, (max-width: 501px) 100vw, 501px\" \/>Las educadoras ambientales del Consorcio Valencia Interior han impartido tambi\u00e9n dos cursos de formaci\u00f3n a los profesionales que trabajan en el hospital psiqui\u00e1trico provincial de B\u00e9tera as\u00ed como a los residentes, a los que se ha ense\u00f1ado c\u00f3mo separar correctamente los residuos y c\u00f3mo usar el compostador para dar lugar a un abono de calidad.<\/p>\n<p>En cuanto a las acciones de compostaje dirigidas a la ciudadan\u00eda, se han desarrollado talleres en la Pobla de Vallbona, Ademuz, l\u2019Eliana, Marines y Ll\u00edria. A todos los que se comprometieron a comenzar con el compostaje en casa, el Consorcio les ha hecho entrega de un compostador y las cajas de lombrices de jard\u00edn que hacen m\u00e1s f\u00e1cil la producci\u00f3n del compost. Despu\u00e9s de cada taller se realiza por parte de las educadoras ambientales del Consorcio el seguimiento de todas las acciones, evaluando la satisfacci\u00f3n de los participantes y resolviendo las dudas que puedan surgir.<\/p>\n<p><img loading=\"lazy\" decoding=\"async\" class=\"alignleft wp-image-69237\" src=\"https:\/\/www.tucomarca.com\/wordpress\/segunda\/wp-content\/uploads\/2018\/05\/reciclaje3.jpg\" alt=\"\" width=\"502\" height=\"282\" srcset=\"https:\/\/www.tucomarca.com\/wordpress\/segunda\/wp-content\/uploads\/2018\/05\/reciclaje3.jpg 850w, https:\/\/www.tucomarca.com\/wordpress\/segunda\/wp-content\/uploads\/2018\/05\/reciclaje3-300x169.jpg 300w, https:\/\/www.tucomarca.com\/wordpress\/segunda\/wp-content\/uploads\/2018\/05\/reciclaje3-768x432.jpg 768w\" sizes=\"auto, (max-width: 502px) 100vw, 502px\" \/><\/p>\n","protected":false},"excerpt":{"rendered":"<div class=\"mh-excerpt\">M\u00e1s de 400 personas han aprendido a aprovechar la materia org\u00e1nica haciendo compost que podr\u00e1n utilizar en sus huertos o jardines El Consorcio Valencia Interior lleva cerca un a\u00f1o apostando por el compostaje dom\u00e9stico y <a class=\"mh-excerpt-more\" href=\"https:\/\/www.tucomarca.com\/wordpress\/segunda\/el-consorcio-valencia-interior-ensena-a-compostar-en-casa-para-reducir-residuos\/\" title=\"El Consorcio Valencia Interior ense\u00f1a a compostar en casa para reducir residuos\">[+] <\/a><\/div>\n","protected":false},"author":2,"featured_media":69235,"comment_status":"open","ping_status":"open","sticky":false,"template":"","format":"standard","meta":{"footnotes":""},"categories":[169,8,10,117,10698,3,45],"tags":[10220,5952],"class_list":{"0":"post-69231","1":"post","2":"type-post","3":"status-publish","4":"format-standard","5":"has-post-thumbnail","7":"category-agricultura-la-comarca","8":"category-la-comarca","9":"category-la-hoya","10":"category-medio-ambiente-la-comarca","11":"category-premsavalenciana","12":"category-seccion","13":"category-ventana","14":"tag-cvi","15":"tag-la-hoya-de-bunol-chiva"},"_links":{"self":[{"href":"https:\/\/www.tucomarca.com\/wordpress\/segunda\/wp-json\/wp\/v2\/posts\/69231","targetHints":{"allow":["GET"]}}],"collection":[{"href":"https:\/\/www.tucomarca.com\/wordpress\/segunda\/wp-json\/wp\/v2\/posts"}],"about":[{"href":"https:\/\/www.tucomarca.com\/wordpress\/segunda\/wp-json\/wp\/v2\/types\/post"}],"author":[{"embeddable":true,"href":"https:\/\/www.tucomarca.com\/wordpress\/segunda\/wp-json\/wp\/v2\/users\/2"}],"replies":[{"embeddable":true,"href":"https:\/\/www.tucomarca.com\/wordpress\/segunda\/wp-json\/wp\/v2\/comments?post=69231"}],"version-history":[{"count":0,"href":"https:\/\/www.tucomarca.com\/wordpress\/segunda\/wp-json\/wp\/v2\/posts\/69231\/revisions"}],"wp:featuredmedia":[{"embeddable":true,"href":"https:\/\/www.tucomarca.com\/wordpress\/segunda\/wp-json\/wp\/v2\/media\/69235"}],"wp:attachment":[{"href":"https:\/\/www.tucomarca.com\/wordpress\/segunda\/wp-json\/wp\/v2\/media?parent=69231"}],"wp:term":[{"taxonomy":"category","embeddable":true,"href":"https:\/\/www.tucomarca.com\/wordpress\/segunda\/wp-json\/wp\/v2\/categories?post=69231"},{"taxonomy":"post_tag","embeddable":true,"href":"https:\/\/www.tucomarca.com\/wordpress\/segunda\/wp-json\/wp\/v2\/tags?post=69231"}],"curies":[{"name":"wp","href":"https:\/\/api.w.org\/{rel}","templated":true}]}}