{"id":69269,"date":"2018-05-25T21:44:45","date_gmt":"2018-05-25T19:44:45","guid":{"rendered":"http:\/\/www.tucomarca.com\/wordpress\/segunda\/?p=69269"},"modified":"2018-05-25T21:44:45","modified_gmt":"2018-05-25T19:44:45","slug":"el-col%c2%b7legi-camp-de-turia-de-riba-roja-cobreix-la-seua-pista-esportiva-amb-ajuda-de-la-diputacio","status":"publish","type":"post","link":"https:\/\/www.tucomarca.com\/wordpress\/segunda\/el-col%c2%b7legi-camp-de-turia-de-riba-roja-cobreix-la-seua-pista-esportiva-amb-ajuda-de-la-diputacio\/","title":{"rendered":"El col\u00b7legi Camp de T\u00faria de Riba-roja cobreix la seua pista esportiva amb ajuda de la Diputaci\u00f3"},"content":{"rendered":"<figure id=\"attachment_69270\" aria-describedby=\"caption-attachment-69270\" style=\"width: 566px\" class=\"wp-caption alignleft\"><img loading=\"lazy\" decoding=\"async\" class=\" wp-image-69270\" src=\"https:\/\/www.tucomarca.com\/wordpress\/segunda\/wp-content\/uploads\/2018\/05\/1_54.jpg\" alt=\"El president, Jorge Rodr\u00edguez, visita les instal\u00b7lacions del centre acompanyat per l'alcalde, Robert Raga.\" width=\"566\" height=\"377\" srcset=\"https:\/\/www.tucomarca.com\/wordpress\/segunda\/wp-content\/uploads\/2018\/05\/1_54.jpg 1920w, https:\/\/www.tucomarca.com\/wordpress\/segunda\/wp-content\/uploads\/2018\/05\/1_54-300x200.jpg 300w, https:\/\/www.tucomarca.com\/wordpress\/segunda\/wp-content\/uploads\/2018\/05\/1_54-768x512.jpg 768w, https:\/\/www.tucomarca.com\/wordpress\/segunda\/wp-content\/uploads\/2018\/05\/1_54-1024x683.jpg 1024w\" sizes=\"auto, (max-width: 566px) 100vw, 566px\" \/><figcaption id=\"caption-attachment-69270\" class=\"wp-caption-text\"><em>El president, Jorge Rodr\u00edguez, visita les instal\u00b7lacions del centre acompanyat per l&#8217;alcalde, Robert Raga.<\/em><\/figcaption><\/figure>\n<p><strong>El president, Jorge Rodr\u00edguez, visita les instal\u00b7lacions del centre acompanyat per l&#8217;alcalde, Robert Raga, que agraeix a la corporaci\u00f3 els 2 milions d&#8217;euros en inversions entre 2016 i 2017<\/strong><\/p>\n<p><strong>Per a enguany hi ha pressupostades ajudes per valor de 870.000 euros, amb partides per a ocupaci\u00f3, millora d&#8217;espais educatius, arreglar danys causats per les pluges, inversions i despesa corrent<\/strong><\/p>\n<p>Una de les principals reivindicacions a nivell educatiu en Riba-roja era la petici\u00f3 d&#8217;una coberta per a la pista esportiva del col\u00b7legi p\u00fablic Camp de T\u00faria. Aquesta actuaci\u00f3 \u00e9s ja una realitat amb la subvenci\u00f3 de 75.000 euros concedida per la Diputaci\u00f3 de Val\u00e8ncia, que permet practicar esport en les instal\u00b7lacions del col\u00b7legi en qualsevol condici\u00f3 meteorol\u00f2gica.<\/p>\n<p>D&#8217;aquesta forma, la Diputaci\u00f3 d\u00f3na resposta a aquesta inquietud de les ve\u00efnes i ve\u00efns de Riba-roja i la comunitat educativa del col\u00b7legi Camp de T\u00faria, que tenen entre les seues prioritats la de practicar esport en les millors condicions possibles. Aquesta idea va en la l\u00ednia de la pol\u00edtica esportiva de la Diputaci\u00f3, que en la seua gesti\u00f3 anteposa \u201cel bon estat de les infraestructures i el suport incondicional a l&#8217;esport base i femen\u00ed\u201d, segons ha assenyalat el president, Jorge Rodr\u00edguez, que ha visitat el col\u00b7legi Camp de T\u00faria acompanyat per la diputada d&#8217;Educaci\u00f3, Mercedes Berenguer i la diputada M\u00aa Carmen Contelles.<\/p>\n<p>En paraules del president, \u201caquest projecte resumeix alguns dels eixos de gesti\u00f3 d&#8217;aquesta Diputaci\u00f3, com el respecte per l&#8217;autonomia d&#8217;alcaldes i alcaldesses a l&#8217;hora de decidir les obres que els demanen els seus ve\u00efns; l&#8217;inter\u00e8s per obres que repercuteixen en la qualitat de vida de les persones; la millora d&#8217;instal\u00b7lacions i serveis en els centres educatius i la pr\u00e0ctica de l&#8217;esport en les millors condicions possibles\u201d.<\/p>\n<p>Per a l&#8217;alcalde, \u201cla implicaci\u00f3 de la Diputaci\u00f3 amb Riba-roja va molt m\u00e9s all\u00e0 d&#8217;aquesta subvenci\u00f3 per a cobrir la pista del col\u00b7legi Camp de T\u00faria, i es demostra en les nombroses actuacions en els nostres carrers, edificis p\u00fablics i espais urbans que hem pogut emprendre amb els plans provincials i en el suport continu a iniciatives o projectes de desenvolupament de la nostra economia local, com el manteniment del jaciment arqueol\u00f2gic de Val\u00e8ncia la Vella, la recuperaci\u00f3 del Barranc dels Moros o la promoci\u00f3 tur\u00edstica de Riba-roja\u201d.<\/p>\n<p>Per la seua banda, la directora del centre, M\u00f3nica Ronda, ha explicat que \u201cla pista esportiva est\u00e0 en una esplanada als peus de la muntanya en la que fa una calor insuportable i aix\u00f2 dificultava molt la pr\u00e0ctica d&#8217;esport per a les xiquetes i xiquets del col\u00b7legi\u201d. La directora ha agra\u00eft a la Diputaci\u00f3 la subvenci\u00f3 per a executar una obra que \u201cper a nosaltres ha sigut molt important, aix\u00ed com un somni per als xiquets i les fam\u00edlies\u201d. En la mateixa l\u00ednia s&#8217;han expressat els alumnes del col\u00b7legi Camp de T\u00faria, encantats de poder fer esport \u201cencara que fa\u00e7a molt de sol o ploga\u201d.<\/p>\n<p><strong>Inversions en Riba-roja<\/strong><\/p>\n<p>Entre 2016 i 2017, la Diputaci\u00f3 va invertir 1.965.000 euros en aquest municipi del Camp de T\u00faria, uns 700.000 euros m\u00e9s que en el per\u00edode 2014-2015. Entre les inversions destaquen els 900.000 euros del pla d&#8217;Inversions Sostenibles (IFS), una l\u00ednia d&#8217;ajudes nova que ha impedit que el romanent de la instituci\u00f3 acabara en els bancs per a invertir-ho en els municipis, i els 422.000 euros del pla de Serveis i Obres Municipals (SOM).<\/p>\n<p>Amb aquestes partides, Riba-roja ha asfaltat diferents vies del pol\u00edgon El Oliveral; ha habilitat la planta baixa de l&#8217;antiga llar del jubilat; ha condicionat locals per a les associacions del municipi; ha constru\u00eft un carril bici que connecta les urbanitzacions de la zona nord i ha adquirit un autob\u00fas per al servei de transport urb\u00e0, entre altres actuacions amb fons provincials.<\/p>\n<p>Rodr\u00edguez ha aprofitat la seua visita a Riba-roja per a anunciar les noves inversions que rebr\u00e0 en els pr\u00f2xims mesos el municipi de la Diputaci\u00f3. En total, prop de 870.000 euros que inclouen ajudes per a reparar danys causats per les pluges, el Fondo de Cooperaci\u00f3 que permet destinar prop de 200.000 euros a inversi\u00f3 o despesa corrent, el pla de millora d&#8217;espais educatius, el pla d&#8217;ocupaci\u00f3 per a persones majors de 55 anys, el Pla de Camins i els m\u00e9s de 400.000 euros del SOM, amb els quals s&#8217;engegaran noves actuacions de millora d&#8217;espais p\u00fablics decidides per l&#8217;equip de govern local.<\/p>\n","protected":false},"excerpt":{"rendered":"<div class=\"mh-excerpt\">El president, Jorge Rodr\u00edguez, visita les instal\u00b7lacions del centre acompanyat per l&#8217;alcalde, Robert Raga, que agraeix a la corporaci\u00f3 els 2 milions d&#8217;euros en inversions entre 2016 i 2017 Per a enguany hi ha pressupostades <a class=\"mh-excerpt-more\" href=\"https:\/\/www.tucomarca.com\/wordpress\/segunda\/el-col%c2%b7legi-camp-de-turia-de-riba-roja-cobreix-la-seua-pista-esportiva-amb-ajuda-de-la-diputacio\/\" title=\"El col\u00b7legi Camp de T\u00faria de Riba-roja cobreix la seua pista esportiva amb ajuda de la Diputaci\u00f3\">[+] <\/a><\/div>\n","protected":false},"author":2,"featured_media":69270,"comment_status":"open","ping_status":"open","sticky":false,"template":"","format":"standard","meta":{"footnotes":""},"categories":[46,128,8,182,3,45],"tags":[10631,10395],"class_list":{"0":"post-69269","1":"post","2":"type-post","3":"status-publish","4":"format-standard","5":"has-post-thumbnail","7":"category-camp-de-turia","8":"category-infraestructuras","9":"category-la-comarca","10":"category-riba-roja","11":"category-seccion","12":"category-ventana","13":"tag-ajuntament-de-riba-roja","14":"tag-camp-de-turia"},"_links":{"self":[{"href":"https:\/\/www.tucomarca.com\/wordpress\/segunda\/wp-json\/wp\/v2\/posts\/69269","targetHints":{"allow":["GET"]}}],"collection":[{"href":"https:\/\/www.tucomarca.com\/wordpress\/segunda\/wp-json\/wp\/v2\/posts"}],"about":[{"href":"https:\/\/www.tucomarca.com\/wordpress\/segunda\/wp-json\/wp\/v2\/types\/post"}],"author":[{"embeddable":true,"href":"https:\/\/www.tucomarca.com\/wordpress\/segunda\/wp-json\/wp\/v2\/users\/2"}],"replies":[{"embeddable":true,"href":"https:\/\/www.tucomarca.com\/wordpress\/segunda\/wp-json\/wp\/v2\/comments?post=69269"}],"version-history":[{"count":0,"href":"https:\/\/www.tucomarca.com\/wordpress\/segunda\/wp-json\/wp\/v2\/posts\/69269\/revisions"}],"wp:featuredmedia":[{"embeddable":true,"href":"https:\/\/www.tucomarca.com\/wordpress\/segunda\/wp-json\/wp\/v2\/media\/69270"}],"wp:attachment":[{"href":"https:\/\/www.tucomarca.com\/wordpress\/segunda\/wp-json\/wp\/v2\/media?parent=69269"}],"wp:term":[{"taxonomy":"category","embeddable":true,"href":"https:\/\/www.tucomarca.com\/wordpress\/segunda\/wp-json\/wp\/v2\/categories?post=69269"},{"taxonomy":"post_tag","embeddable":true,"href":"https:\/\/www.tucomarca.com\/wordpress\/segunda\/wp-json\/wp\/v2\/tags?post=69269"}],"curies":[{"name":"wp","href":"https:\/\/api.w.org\/{rel}","templated":true}]}}