{"id":69478,"date":"2018-05-30T13:35:24","date_gmt":"2018-05-30T11:35:24","guid":{"rendered":"http:\/\/www.tucomarca.com\/wordpress\/segunda\/?p=69478"},"modified":"2018-05-30T13:41:44","modified_gmt":"2018-05-30T11:41:44","slug":"confirman-que-el-hombre-que-aparecio-en-el-interior-de-un-aljibe-en-chiva-murio-accidentalmente","status":"publish","type":"post","link":"https:\/\/www.tucomarca.com\/wordpress\/segunda\/confirman-que-el-hombre-que-aparecio-en-el-interior-de-un-aljibe-en-chiva-murio-accidentalmente\/","title":{"rendered":"Confirman que el hombre que apareci\u00f3 en el interior de un aljibe en Chiva muri\u00f3 accidentalmente"},"content":{"rendered":"<p>Fuentes de la Guardia Civil han confirmado que la muerte del hombre de unos sesenta a\u00f1os de edad que ha aparecido en el interior de un aljibe de una casa de campo ubicada en el t\u00e9rmino municipal de Chiva ha sido accidental, al parecer, al caerse el fallecido\u00a0dentro del dep\u00f3sito de agua por causas que, hasta que no se realice la aut\u00f3psia, se desconocen.<\/p>\n<p>Las mismas fuentes han descartado que las causas de la muerte hayan sido violentas. El cad\u00e1ver del hombre se ha localizado este martes, alrededor de las 18,20 horas y tras haber sido denunciada su desaparici\u00f3n por su hermana que no lo hab\u00eda visto desde el pasado viernes.<\/p>\n<p>&nbsp;<\/p>\n","protected":false},"excerpt":{"rendered":"<div class=\"mh-excerpt\">Fuentes de la Guardia Civil han confirmado que la muerte del hombre de unos sesenta a\u00f1os de edad que ha aparecido en el interior de un aljibe de una casa de campo ubicada en el <a class=\"mh-excerpt-more\" href=\"https:\/\/www.tucomarca.com\/wordpress\/segunda\/confirman-que-el-hombre-que-aparecio-en-el-interior-de-un-aljibe-en-chiva-murio-accidentalmente\/\" title=\"Confirman que el hombre que apareci\u00f3 en el interior de un aljibe en Chiva muri\u00f3 accidentalmente\">[+] <\/a><\/div>\n","protected":false},"author":1,"featured_media":59109,"comment_status":"open","ping_status":"open","sticky":false,"template":"","format":"standard","meta":{"footnotes":""},"categories":[16,8,10,3,116,45],"tags":[5952,33],"class_list":{"0":"post-69478","1":"post","2":"type-post","3":"status-publish","4":"format-standard","5":"has-post-thumbnail","7":"category-chiva","8":"category-la-comarca","9":"category-la-hoya","10":"category-seccion","11":"category-sucesos-la-comarca","12":"category-ventana","13":"tag-la-hoya-de-bunol-chiva","14":"tag-sucesos"},"_links":{"self":[{"href":"https:\/\/www.tucomarca.com\/wordpress\/segunda\/wp-json\/wp\/v2\/posts\/69478","targetHints":{"allow":["GET"]}}],"collection":[{"href":"https:\/\/www.tucomarca.com\/wordpress\/segunda\/wp-json\/wp\/v2\/posts"}],"about":[{"href":"https:\/\/www.tucomarca.com\/wordpress\/segunda\/wp-json\/wp\/v2\/types\/post"}],"author":[{"embeddable":true,"href":"https:\/\/www.tucomarca.com\/wordpress\/segunda\/wp-json\/wp\/v2\/users\/1"}],"replies":[{"embeddable":true,"href":"https:\/\/www.tucomarca.com\/wordpress\/segunda\/wp-json\/wp\/v2\/comments?post=69478"}],"version-history":[{"count":0,"href":"https:\/\/www.tucomarca.com\/wordpress\/segunda\/wp-json\/wp\/v2\/posts\/69478\/revisions"}],"wp:featuredmedia":[{"embeddable":true,"href":"https:\/\/www.tucomarca.com\/wordpress\/segunda\/wp-json\/wp\/v2\/media\/59109"}],"wp:attachment":[{"href":"https:\/\/www.tucomarca.com\/wordpress\/segunda\/wp-json\/wp\/v2\/media?parent=69478"}],"wp:term":[{"taxonomy":"category","embeddable":true,"href":"https:\/\/www.tucomarca.com\/wordpress\/segunda\/wp-json\/wp\/v2\/categories?post=69478"},{"taxonomy":"post_tag","embeddable":true,"href":"https:\/\/www.tucomarca.com\/wordpress\/segunda\/wp-json\/wp\/v2\/tags?post=69478"}],"curies":[{"name":"wp","href":"https:\/\/api.w.org\/{rel}","templated":true}]}}