{"id":6958,"date":"2012-09-01T11:22:57","date_gmt":"2012-09-01T09:22:57","guid":{"rendered":"http:\/\/www.tucomarca.com\/wordpress\/segunda\/?p=6958"},"modified":"2012-09-01T11:22:57","modified_gmt":"2012-09-01T09:22:57","slug":"gobernacion-mantiene-la-preemergencia-por-riesgo-de-incendios-forestales-en-toda-la-comunitat-valenciana-3","status":"publish","type":"post","link":"https:\/\/www.tucomarca.com\/wordpress\/segunda\/gobernacion-mantiene-la-preemergencia-por-riesgo-de-incendios-forestales-en-toda-la-comunitat-valenciana-3\/","title":{"rendered":"Gobernaci\u00f3n mantiene la Preemergencia por riesgo de incendios forestales en toda la Comunitat Valenciana"},"content":{"rendered":"<p>La  Conselleria de Gobernaci\u00f3n, a trav\u00e9s del Centro de Coordinaci\u00f3n de  Emergencias (CCE), mantiene hoy s\u00e1bado, 1 de septiembre, el Nivel 3 de  Preemergencia, riesgo m\u00e1ximo de incendios forestales en toda la  Comunitat Valenciana con motivo de la operaci\u00f3n retorno de las  vacaciones.<\/p>\n<p>La Agencia Estatal de Meteorolog\u00eda prev\u00e9 para esta jornada  \u00abpoco nuboso con alg\u00fan intervalo nuboso de tipo alto. Temperaturas sin  cambios o en descenso ligero. Vientos variables flojos, excepto en el  extremo norte donde ser\u00e1n moderados del noroeste, con alg\u00fan intervalo  fuerte\u00bb.<\/p>\n<p>La conselleria de Gobernaci\u00f3n recuerda que el Nivel 3 de  Preemergencia o riesgo m\u00e1ximo de incendios forestales supone la  prohibici\u00f3n de realizar cualquier tipo de fuego, incluso en las zonas  recreativas autorizadas y habilitadas al efecto, e insiste en que con  car\u00e1cter general las quemas agr\u00edcolas en el monte o a menos de 500  metros de terreno forestal est\u00e1n completamente prohibidas entre el 1 de  junio y el 30 de septiembre.<\/p>\n<p>Ante esta situaci\u00f3n, el CCE mantiene contacto directo con todos  los ayuntamientos y organismos de emergencia afectados con el fin de  informarles de la situaci\u00f3n y evoluci\u00f3n de la Preemergencia prevista  para el d\u00eda hoy. Los efectivos que conforman el Plan Especial ante el  riesgo de incendios forestales de la Comunitat Valenciana se encuentran  en m\u00e1xima alerta por si es necesaria su intervenci\u00f3n.<\/p>\n<p>Por \u00faltimo, el CCE y la conselleria de Gobernaci\u00f3n hacen un  llamamiento a la prudencia de la sociedad en general para evitar, en la  medida de lo posible, posibles incendios forestales y a seguir en todo  momento las recomendaciones que se derivan de decretar Preemergencia por  riesgo de incendios forestales.<\/p>\n<p><strong>Consejos a la poblaci\u00f3n sobre incendios forestales <\/strong><\/p>\n<p>\u00b7\tNo encender fuego bajo ning\u00fan concepto<br \/>\n\u00b7\tNo fumar mientras se camina por el monte, ni arrojar, en ning\u00fan concepto, colillas o f\u00f3sforos desde veh\u00edculos.<br \/>\n\u00b7\tNo utilizar artefactos o material explosivo como petardos, masclets, carcasas, etc.<br \/>\n\u00b7\tNunca arrojar basuras, depositarlas en el contenedor del municipio m\u00e1s cercano.<br \/>\n\u00b7\tEn el monte o en sus inmediaciones nunca arrojar artefactos o  material explosivo como petardos, masclets, carcasas, etc., ni utilizar  sin autorizaci\u00f3n herramientas o motores que puedan producir una chispa o  un fuego.<br \/>\n\u00b7\tSi detecta un incendio, comun\u00edquelo inmediatamente al tel\u00e9fono  &#8216;112 Comunitat Valenciana&#8217;, sin pensar que alguien lo habr\u00e1 hecho ya o  dar aviso a las autoridades m\u00e1s cercanas.<br \/>\n\u00b7\tEn caso de incendio, siga en todo momento las indicaciones que le  sean dadas por el personal que tiene atribuidas las misiones de  vigilancia y extinci\u00f3n. Est\u00e1n velando por tu seguridad e integridad  f\u00edsica.<\/p>\n","protected":false},"excerpt":{"rendered":"<div class=\"mh-excerpt\">La Conselleria de Gobernaci\u00f3n, a trav\u00e9s del Centro de Coordinaci\u00f3n de Emergencias (CCE), mantiene hoy s\u00e1bado, 1 de septiembre, el Nivel 3 de Preemergencia, riesgo m\u00e1ximo de incendios forestales en toda la Comunitat Valenciana con <a class=\"mh-excerpt-more\" href=\"https:\/\/www.tucomarca.com\/wordpress\/segunda\/gobernacion-mantiene-la-preemergencia-por-riesgo-de-incendios-forestales-en-toda-la-comunitat-valenciana-3\/\" title=\"Gobernaci\u00f3n mantiene la Preemergencia por riesgo de incendios forestales en toda la Comunitat Valenciana\">[+] <\/a><\/div>\n","protected":false},"author":1,"featured_media":0,"comment_status":"open","ping_status":"open","sticky":false,"template":"","format":"standard","meta":{"footnotes":""},"categories":[8,72,10,117,3],"tags":[],"class_list":{"0":"post-6958","1":"post","2":"type-post","3":"status-publish","4":"format-standard","6":"category-la-comarca","7":"category-sin-categorizar","8":"category-la-hoya","9":"category-medio-ambiente-la-comarca","10":"category-seccion"},"_links":{"self":[{"href":"https:\/\/www.tucomarca.com\/wordpress\/segunda\/wp-json\/wp\/v2\/posts\/6958","targetHints":{"allow":["GET"]}}],"collection":[{"href":"https:\/\/www.tucomarca.com\/wordpress\/segunda\/wp-json\/wp\/v2\/posts"}],"about":[{"href":"https:\/\/www.tucomarca.com\/wordpress\/segunda\/wp-json\/wp\/v2\/types\/post"}],"author":[{"embeddable":true,"href":"https:\/\/www.tucomarca.com\/wordpress\/segunda\/wp-json\/wp\/v2\/users\/1"}],"replies":[{"embeddable":true,"href":"https:\/\/www.tucomarca.com\/wordpress\/segunda\/wp-json\/wp\/v2\/comments?post=6958"}],"version-history":[{"count":0,"href":"https:\/\/www.tucomarca.com\/wordpress\/segunda\/wp-json\/wp\/v2\/posts\/6958\/revisions"}],"wp:attachment":[{"href":"https:\/\/www.tucomarca.com\/wordpress\/segunda\/wp-json\/wp\/v2\/media?parent=6958"}],"wp:term":[{"taxonomy":"category","embeddable":true,"href":"https:\/\/www.tucomarca.com\/wordpress\/segunda\/wp-json\/wp\/v2\/categories?post=6958"},{"taxonomy":"post_tag","embeddable":true,"href":"https:\/\/www.tucomarca.com\/wordpress\/segunda\/wp-json\/wp\/v2\/tags?post=6958"}],"curies":[{"name":"wp","href":"https:\/\/api.w.org\/{rel}","templated":true}]}}