{"id":6969,"date":"2012-09-03T10:40:52","date_gmt":"2012-09-03T08:40:52","guid":{"rendered":"http:\/\/www.tucomarca.com\/wordpress\/segunda\/?p=6969"},"modified":"2012-09-03T11:28:25","modified_gmt":"2012-09-03T09:28:25","slug":"empate-del-cd-utiel-en-casa-y-victoria-del-sc-requena-a-domicilio","status":"publish","type":"post","link":"https:\/\/www.tucomarca.com\/wordpress\/segunda\/empate-del-cd-utiel-en-casa-y-victoria-del-sc-requena-a-domicilio\/","title":{"rendered":"Empate del CD Utiel en casa y victoria del SC Requena a domicilio"},"content":{"rendered":"<p>El CD Utiel mantiene su imbatibilidad en su regreso a 3\u00aa Divisi\u00f3n tras el empate a cero cosechado en casa frente a La Nuc\u00eda, un duro rival que se mostr\u00f3 muy serio y contundente en labores defensivas.<br \/>\nAunque ambos equipos tuvieron opciones de adelantarse en el marcador en la primera mitad, en la segunda se apost\u00f3 por la defensa del resultado inicial, lo que priv\u00f3 al respetable de un mayor espect\u00e1culo balomp\u00e9dico.<br \/>\nEste nuevo punto mete a los rojinegros en la zona noble del grupo y confirma el gran trabajo que se est\u00e1 realizando en las \u00faltimas semanas.<br \/>\nEn Preferente, el SC Requena se impuso en su debut liguero (0-1) en el complicado campo de El Perdiguer al Juventud Barrio del Cristo, otro de los candidatos a meterse en la parte noble del grupo.<br \/>\nEl gol de Braulio en el minuto 25 fue suficiente para los de Requena, quienes se mostraron superiores en el primer acto y quienes tiraron de oficio para llevarse el gato al agua en la segunda mitad.<\/p>\n","protected":false},"excerpt":{"rendered":"<div class=\"mh-excerpt\">El CD Utiel mantiene su imbatibilidad en su regreso a 3\u00aa Divisi\u00f3n tras el empate a cero cosechado en casa frente a La Nuc\u00eda, un duro rival que se mostr\u00f3 muy serio y contundente en <a class=\"mh-excerpt-more\" href=\"https:\/\/www.tucomarca.com\/wordpress\/segunda\/empate-del-cd-utiel-en-casa-y-victoria-del-sc-requena-a-domicilio\/\" title=\"Empate del CD Utiel en casa y victoria del SC Requena a domicilio\">[+] <\/a><\/div>\n","protected":false},"author":2,"featured_media":0,"comment_status":"open","ping_status":"open","sticky":false,"template":"","format":"standard","meta":{"footnotes":""},"categories":[50,6,28,27,3,29],"tags":[44],"class_list":{"0":"post-6969","1":"post","2":"type-post","3":"status-publish","4":"format-standard","6":"category-futbol-deportes","7":"category-deportes","8":"category-requena","9":"category-requena-utiel","10":"category-seccion","11":"category-utiel","12":"tag-futbol"},"_links":{"self":[{"href":"https:\/\/www.tucomarca.com\/wordpress\/segunda\/wp-json\/wp\/v2\/posts\/6969","targetHints":{"allow":["GET"]}}],"collection":[{"href":"https:\/\/www.tucomarca.com\/wordpress\/segunda\/wp-json\/wp\/v2\/posts"}],"about":[{"href":"https:\/\/www.tucomarca.com\/wordpress\/segunda\/wp-json\/wp\/v2\/types\/post"}],"author":[{"embeddable":true,"href":"https:\/\/www.tucomarca.com\/wordpress\/segunda\/wp-json\/wp\/v2\/users\/2"}],"replies":[{"embeddable":true,"href":"https:\/\/www.tucomarca.com\/wordpress\/segunda\/wp-json\/wp\/v2\/comments?post=6969"}],"version-history":[{"count":0,"href":"https:\/\/www.tucomarca.com\/wordpress\/segunda\/wp-json\/wp\/v2\/posts\/6969\/revisions"}],"wp:attachment":[{"href":"https:\/\/www.tucomarca.com\/wordpress\/segunda\/wp-json\/wp\/v2\/media?parent=6969"}],"wp:term":[{"taxonomy":"category","embeddable":true,"href":"https:\/\/www.tucomarca.com\/wordpress\/segunda\/wp-json\/wp\/v2\/categories?post=6969"},{"taxonomy":"post_tag","embeddable":true,"href":"https:\/\/www.tucomarca.com\/wordpress\/segunda\/wp-json\/wp\/v2\/tags?post=6969"}],"curies":[{"name":"wp","href":"https:\/\/api.w.org\/{rel}","templated":true}]}}