{"id":69767,"date":"2018-06-11T19:57:00","date_gmt":"2018-06-11T17:57:00","guid":{"rendered":"http:\/\/www.tucomarca.com\/wordpress\/segunda\/?p=69767"},"modified":"2018-06-11T21:18:36","modified_gmt":"2018-06-11T19:18:36","slug":"vecinas-de-gestalgar-consolidan-la-cooperativa-de-ayuda-a-domicilio-a-personas-con-dependencia","status":"publish","type":"post","link":"https:\/\/www.tucomarca.com\/wordpress\/segunda\/vecinas-de-gestalgar-consolidan-la-cooperativa-de-ayuda-a-domicilio-a-personas-con-dependencia\/","title":{"rendered":"Vecinas de Gestalgar consolidan la cooperativa de ayuda a domicilio a personas con dependencia"},"content":{"rendered":"<p>Nunca se hab\u00edan dedicado de forma profesional a asistir a personas con dependencia, pero Maribel, Sandra, Carmen, Mar\u00eda Jos\u00e9 y Mar\u00eda Luisa decidieron responder a la llamada del ayuntamiento de su pueblo, Gestalgar, que las anim\u00f3 a emprender. Con apoyo tambi\u00e9n de la Federaci\u00f3n de Asociaciones de Mujeres Rurales y la Diputaci\u00f3 de Val\u00e8ncia, pusieron en marcha hace un a\u00f1o la primera cooperativa de mujeres de ayuda social a domicilio de la provincia.<\/p>\n<p>Cuentan que los inicios no fueron f\u00e1ciles, pero el camino andado les merece mucho la pena. Tambi\u00e9n a los siete vecinos del municipio que reciben cada d\u00eda su atenci\u00f3n y sus cuidados. Vicenta es una de ellas. Tiene 87 a\u00f1os, es totalmente dependiente y vive con El\u00edas, su marido. \u00c9l y sus dos hijos cuidan de ella, pero necesitaban ayuda profesional. \u201cCarmen es para m\u00ed como una hija m\u00e1s. No puede atender mejor a mi mujer\u201d, dice El\u00edas.<\/p>\n<p>Elisa es otra de las vecinas del pueblo que solicit\u00f3 los servicios de la cooperativa. Lleva a sus espaldas unas 30 operaciones y su movilidad reducida le ha obligado a adaptar su vivienda y a comprar una silla motorizada para poder salir de casa. Mar\u00eda Jos\u00e9 acude cada ma\u00f1ana para ayudarla a levantarse y a asearse. \u201cSoy incapaz de quedarme encerrada lament\u00e1ndome. Me gusta estar activa, dentro de mis limitaciones. Gracias a la ayuda que me da Mar\u00eda Jos\u00e9 tengo un respiro diario\u201d, cuenta.<\/p>\n<p><strong>Formaci\u00f3n necesaria<\/strong><\/p>\n<p>Maribel, Sandra, Carmen, Mar\u00eda Jos\u00e9 y Mar\u00eda Luisa recibieron varios cursos antes de poner en marcha la cooperativa. \u201cPart\u00edamos de cero\u201d, dicen. S\u00f3lo Mar\u00eda Jos\u00e9 hab\u00eda tenido una primera experiencia cuidando durante varios a\u00f1os a su madre.<\/p>\n<p>La primera formaci\u00f3n fue en torno al empoderamiento. \u201cTen\u00edamos muchos miedos e inseguridades. Con este taller salimos reforzadas\u201d, dice Carmen. En el segundo curso, que dur\u00f3 unos seis meses, aprendieron todo lo relativo a la atenci\u00f3n y cuidado de personas dependientes. Estos talleres formativos los realizaron con ayuda de la Federaci\u00f3n de Asociaciones de Mujeres Rurales y la Diputaci\u00f3 de Val\u00e8ncia, que coordin\u00f3 las clases.<\/p>\n<p>Adem\u00e1s de la formaci\u00f3n te\u00f3rico-pr\u00e1ctica, la corporaci\u00f3n provincial ayud\u00f3 a las cinco integrantes de la cooperativa a que conocieran de primera mano una experiencia similar. Es por ello que les concedi\u00f3 una subvenci\u00f3n para que visitaran durante unos d\u00edas Alburquerque, en Extremadura. All\u00ed, un grupo de mujeres ya hab\u00edan puesto en marcha una sociedad, la Cooperativa de Servicios de Proximidad Seralbu de Alburquerque (Extremadura), que naci\u00f3 en 2008 con cuatro socias y cuenta ahora con m\u00e1s de 30 cooperativistas.<\/p>\n<p>El \u00e1rea de Bienestar Social que dirige Mercedes Berenguer ha estado desde el principio atenta a la experiencia de Gestalgar. \u201cLes asesoramos sobre c\u00f3mo constituirse como cooperativa y qu\u00e9 pasos ten\u00edan que dar\u201d, asegura la diputada, quien a\u00f1ade adem\u00e1s dos ventajas: \u201cAyuda a que puedan seguir viviendo en el pueblo y no tengan que mudarse por trabajo, al mismo tiempo que cubren una demanda que existe y que, en este caso, es el cuidado y atenci\u00f3n a personas mayores\u201d.<\/p>\n<p><strong>Pr\u00f3ximos pasos<\/strong><\/p>\n<p>Ignacio Marzal, concejal de Gesti\u00f3n Ciudadana, Turismo y Sanidad del Ayuntamiento de Gestalgar, explica que la intenci\u00f3n es que este servicio sea supramunicipal. \u201cQue se extienda a municipios de la comarca y, al mismo tiempo, se aumenten los servicios\u201d, explica. De hecho, dicen las integrantes de la cooperativa que su pr\u00f3ximo objetivo es realizar un curso de catering. \u201cQueremos aprender a cocinar y a gestionar el reparto entre los usuarios que lo soliciten. La demanda existe\u201d, aseguran.<\/p>\n","protected":false},"excerpt":{"rendered":"<div class=\"mh-excerpt\">Nunca se hab\u00edan dedicado de forma profesional a asistir a personas con dependencia, pero Maribel, Sandra, Carmen, Mar\u00eda Jos\u00e9 y Mar\u00eda Luisa decidieron responder a la llamada del ayuntamiento de su pueblo, Gestalgar, que las <a class=\"mh-excerpt-more\" href=\"https:\/\/www.tucomarca.com\/wordpress\/segunda\/vecinas-de-gestalgar-consolidan-la-cooperativa-de-ayuda-a-domicilio-a-personas-con-dependencia\/\" title=\"Vecinas de Gestalgar consolidan la cooperativa de ayuda a domicilio a personas con dependencia\">[+] <\/a><\/div>\n","protected":false},"author":1,"featured_media":69768,"comment_status":"open","ping_status":"open","sticky":false,"template":"","format":"standard","meta":{"footnotes":""},"categories":[193,128,8,59,45,26],"tags":[204,10446,10400],"class_list":{"0":"post-69767","1":"post","2":"type-post","3":"status-publish","4":"format-standard","5":"has-post-thumbnail","7":"category-gestalgar","8":"category-infraestructuras","9":"category-la-comarca","10":"category-los-serranos","11":"category-ventana","12":"category-video","13":"tag-diputacion","14":"tag-gestalgar","15":"tag-los-serranos"},"_links":{"self":[{"href":"https:\/\/www.tucomarca.com\/wordpress\/segunda\/wp-json\/wp\/v2\/posts\/69767","targetHints":{"allow":["GET"]}}],"collection":[{"href":"https:\/\/www.tucomarca.com\/wordpress\/segunda\/wp-json\/wp\/v2\/posts"}],"about":[{"href":"https:\/\/www.tucomarca.com\/wordpress\/segunda\/wp-json\/wp\/v2\/types\/post"}],"author":[{"embeddable":true,"href":"https:\/\/www.tucomarca.com\/wordpress\/segunda\/wp-json\/wp\/v2\/users\/1"}],"replies":[{"embeddable":true,"href":"https:\/\/www.tucomarca.com\/wordpress\/segunda\/wp-json\/wp\/v2\/comments?post=69767"}],"version-history":[{"count":0,"href":"https:\/\/www.tucomarca.com\/wordpress\/segunda\/wp-json\/wp\/v2\/posts\/69767\/revisions"}],"wp:featuredmedia":[{"embeddable":true,"href":"https:\/\/www.tucomarca.com\/wordpress\/segunda\/wp-json\/wp\/v2\/media\/69768"}],"wp:attachment":[{"href":"https:\/\/www.tucomarca.com\/wordpress\/segunda\/wp-json\/wp\/v2\/media?parent=69767"}],"wp:term":[{"taxonomy":"category","embeddable":true,"href":"https:\/\/www.tucomarca.com\/wordpress\/segunda\/wp-json\/wp\/v2\/categories?post=69767"},{"taxonomy":"post_tag","embeddable":true,"href":"https:\/\/www.tucomarca.com\/wordpress\/segunda\/wp-json\/wp\/v2\/tags?post=69767"}],"curies":[{"name":"wp","href":"https:\/\/api.w.org\/{rel}","templated":true}]}}