{"id":69787,"date":"2018-06-11T13:47:14","date_gmt":"2018-06-11T11:47:14","guid":{"rendered":"http:\/\/www.tucomarca.com\/wordpress\/segunda\/?p=69787"},"modified":"2018-07-30T04:03:17","modified_gmt":"2018-07-30T02:03:17","slug":"la-diputacio-recuperara-i-condicionara-31-trinquets-municipals-amb-la-inversio-de-2-milions-deuros-entre-2018-i-2019","status":"publish","type":"post","link":"https:\/\/www.tucomarca.com\/wordpress\/segunda\/la-diputacio-recuperara-i-condicionara-31-trinquets-municipals-amb-la-inversio-de-2-milions-deuros-entre-2018-i-2019\/","title":{"rendered":"La Diputaci\u00f3 recuperar\u00e0 i condicionar\u00e0 31 trinquets municipals amb la inversi\u00f3 de 2 milions d\u2019euros entre 2018 i 2019"},"content":{"rendered":"<p>El nou Pla de Trinquets que desenvolupar\u00e0 la Diputaci\u00f3 durant els anys 2018 i 2019 arribar\u00e0 a un total de 31 trinquets i instal\u00b7lacions vinculades al m\u00f3n de la pilota de les comarques valencianes. El nou programa d\u2019inversions per a la recuperaci\u00f3 d\u2019aquests espais esportius es finan\u00e7ar\u00e0 amb fons procedents del super\u00e0vit de la corporaci\u00f3 provincial del passat exercici i complementar\u00e0 la l\u00ednia d\u2019inversi\u00f3 en trinquets de la Conselleria d\u2019Educaci\u00f3, Investigaci\u00f3 Cultura i Esport.<\/p>\n<p>La vicepresidenta de la Diputaci\u00f3, Maria Josep Amig\u00f3, el conseller d\u2019Educaci\u00f3, Vicent Marz\u00e0, i l\u2019alcalde de Meliana, Josep Riera, han presentat al trinquet de Meliana els detalls de les noves inversions de la corporaci\u00f3 acompanyats per destacats pilotaris de la comarca i per representants del Club de Pilota de Meliana.<\/p>\n<p>\u201cPoder anunciar aquesta nova col\u00b7laboraci\u00f3 amb la Conselleria per tal de dignificar el nostre esport per excel\u00b7l\u00e8ncia, la pilota valenciana, \u00e9s una gran satisfacci\u00f3\u201d, ha assegurat la vicepresidenta. \u201cDurant molts anys, per l\u2019infrafinan\u00e7ament, els trinquets, els carrers de la pilota i els frontons havien sigut els grans oblidats per part dels ajuntaments en quant al seu manteniment\u201d, ha explicat.<\/p>\n<p>Maria Josep Amig\u00f3 ha assenyalat que \u201cla Diputaci\u00f3, en una l\u00ednia m\u00e9s de col\u00b7laboraci\u00f3, hem decidit completar amb 2 milions d\u2019euros el pla de la Conselleria i poder arribar als municipis de les comarques de Val\u00e8ncia que no havien pogut acollir-se al pla auton\u00f2mic. Aix\u00ed, amb l\u2019ajuda de la Diputaci\u00f3, 31 municipis m\u00e9s rebran ajudes per a millorar els seus trinquets i es sumaran als 47 que ja havien entrat al programa de la Conselleria\u201d.<\/p>\n<p>El conseller Marz\u00e0, per la seua banda, ha indicat que \u201cens hem adonat que hi havia una demanda espectacular, durant molts anys no s\u2019havia fet res i precisament per aix\u00f2 hi ha tants pobles i ciutats que han demanat les ajudes per condicionar els seus trinquets i carrers de pilota\u201d, i ha posat en valor la contribuci\u00f3 de la corporaci\u00f3 provincial amb el nou pla d\u2019ajudes per a els espais de pilota valencians.<\/p>\n<p>Josep Riera, alcalde de Meliana, ha valorat \u201cmolt positivament la col\u00b7laboraci\u00f3 entre administracions, sobre tot per a arribar a fer estes inversions que normalment per a un ajuntament \u00e9s complicat\u201d. Riera ha detallat que les ajudes, en el cas de Meliana, serviran per a \u201crefor\u00e7ar i millorar el lateral del carrer per evitar que la pluja entre i poder tindre l\u2019espai preparat per als dies de pluja\u201d, ja que, segons ha indicat, l\u2019afici\u00f3 dels ve\u00efns per la pilota \u00e9s molt important.<\/p>\n<p>El jugador professional de pilota, Francesc Xavier Puchol II, tamb\u00e9 ha assistit a la presentaci\u00f3 de les ajudes i ha manifestat que \u201cestes iniciatives s\u00f3n molt importants perqu\u00e8 hi ha una falta d\u2019instal\u00b7lacions esportives de pilota valenciana, que les que hi ha a m\u00e9s estan deteriorades, i veure que les institucions recolzen l\u2019esport valenci\u00e0 \u00e9s molt positiu\u201d. \u201cJo viatge per tota la Comunitat jugant a pilota i veig que hi ha municipis on cal un manteniment adequat de les instal\u00b7lacions i cal tamb\u00e9 un recolzament per a realitzar-lo\u201d, ha continuat.<\/p>\n<p>Mamen Santarrufina, jugadora de pilota i directiva del Club de Pilota de Meliana, ha afirmat durant la presentaci\u00f3 de les noves inversions que \u201caquestes iniciatives s\u00f3n molt importants, perqu\u00e8 \u00e9s gr\u00e0cies a elles que constru\u00efm i millorem la infraestructura per a jugar a la pilota, i a m\u00e9s fa que es conega molt m\u00e9s l\u2019esport i es promocione entre la gent que encara no el coneix\u201d.<\/p>\n<p>\u201cAquest tipus d\u2019ajudes ajudaran molt a la promoci\u00f3 de l\u2019esport, perqu\u00e8 tenir unes instal\u00b7lacions en bones condicions afavorir\u00e0 que m\u00e9s xiquetes i xiquets s\u2019apunten i aprenguen aquest esport\u201d, ha considerat Alex Bueno, pilotaire professional de Meliana. \u201cEls trinquets que ja porten m\u00e9s anys en activitat i que utilitzem totes les setmanes, s\u00ed que hi ha mancances en les instal\u00b7lacions com goteres o problemes als vestidors, i aquestes ajudes seran beneficioses\u201d, ha afegit.<\/p>\n<p><strong>2 milions d\u2019euros per a 31 trinquets de 12 comarques valencianes<\/strong><\/p>\n<p>El Pla de Trinquets 2018-2019 comptar\u00e0 amb un pressupost total de 2 milions d\u2019euros d\u2019ajudes que es concediran seguint els criteris objectius i transparents que figuraven en la convocat\u00f2ria d&#8217;ajudes per al condicionament de trinquets que va aprovar la Conselleria d&#8217;Educaci\u00f3, Investigaci\u00f3 Cultura i Esport. Les ajudes de la Diputaci\u00f3 s\u2019atorgaran en base a la baremaci\u00f3 efectuada pels t\u00e8cnics de la Conselleria i s\u2019assignaran als projectes presentats en ordre de puntuaci\u00f3 decreixent.<\/p>\n<p>Les ajudes cobreixen el 100% dels projectes valorats en menys de 20.000\u20ac i el 80% del cost d\u2019aquells que superen aquesta quantitat, tal i com marca el criteri establert a la convocat\u00f2ria d\u2019ajudes auton\u00f2miques. En total, les inversions d\u2019aquest pla arribaran a 31 trinquets de 12 comarques valencianes. D\u2019aquests projectes, 8 es finan\u00e7aran al complet i els 23 restants rebran una ajuda del 80% del total pressupostat.<\/p>\n<p>El Pla de Trinquets 2018-2019 finan\u00e7ar\u00e0 el 100% de les millores als trinquets de Llocnou d\u2019En Fenollet, a la Costera; Godelleta, a la Foia de Bunyol; Albuixech, a l\u2019Horta Nord; Torrent, a l\u2019Horta Sud; La Pobla Llarga, C\u00e0rcer i Montserrat a la Ribera Alta; i Otos, a la Vall d\u2019Albaida.<\/p>\n<p>Les ajudes per al 80% de la inversi\u00f3 es destinaran a les instal\u00b7lacions de La Pobla de Vallbona i Vilamarxant, en Camp de T\u00faria; Moixent i Canals en la Costera; Tavernes Blanques, Meliana, Rafelbunyol, Museros, Alboraia i Bonrep\u00f3s i Mirambell a l\u2019Horta Nord; Chelva i Chulilla a Los Serranos; Carlet i Algemes\u00ed a la Ribera Alta; Favara i Sueca a la Ribera Baixa; Ador, Bellreguard i Tavernes de la Valldigna a la Safor; Sinarcas a Utiel-Requena; Val\u00e8ncia; i Castell\u00f3 de Rugat i Quatretonda a la Vall d\u2019Albaida.<\/p>\n","protected":false},"excerpt":{"rendered":"<div class=\"mh-excerpt\">El nou Pla de Trinquets que desenvolupar\u00e0 la Diputaci\u00f3 durant els anys 2018 i 2019 arribar\u00e0 a un total de 31 trinquets i instal\u00b7lacions vinculades al m\u00f3n de la pilota de les comarques valencianes. El <a class=\"mh-excerpt-more\" href=\"https:\/\/www.tucomarca.com\/wordpress\/segunda\/la-diputacio-recuperara-i-condicionara-31-trinquets-municipals-amb-la-inversio-de-2-milions-deuros-entre-2018-i-2019\/\" title=\"La Diputaci\u00f3 recuperar\u00e0 i condicionar\u00e0 31 trinquets municipals amb la inversi\u00f3 de 2 milions d\u2019euros entre 2018 i 2019\">[+] <\/a><\/div>\n","protected":false},"author":1,"featured_media":52731,"comment_status":"open","ping_status":"open","sticky":false,"template":"","format":"standard","meta":{"footnotes":""},"categories":[99,46,291,188,192,14,10,174,42,59,27,235,45,184],"tags":[10409,10395,10462,10442,10445,10597,10379,647,10383,5952,10430,3640,10400,110,10387,10455,10439],"class_list":{"0":"post-69787","1":"post","2":"type-post","3":"status-publish","4":"format-standard","5":"has-post-thumbnail","7":"category-algemesi","8":"category-camp-de-turia","9":"category-carlet","10":"category-chelva","11":"category-chulilla","12":"category-godelleta","13":"category-la-hoya","14":"category-la-pobla","15":"category-la-ribera","16":"category-los-serranos","17":"category-requena-utiel","18":"category-sinarcas","19":"category-ventana","20":"category-vilamarxant","21":"tag-algemesi","22":"tag-camp-de-turia","23":"tag-carlet","24":"tag-chelva","25":"tag-chulilla","26":"tag-comarca-los-serranos","27":"tag-deportes","28":"tag-galotxa","29":"tag-godelleta","30":"tag-la-hoya-de-bunol-chiva","31":"tag-la-pobla","32":"tag-la-ribera-alta","33":"tag-los-serranos","34":"tag-pelota","35":"tag-requena-utiel","36":"tag-sinarcas","37":"tag-vilamarxant"},"_links":{"self":[{"href":"https:\/\/www.tucomarca.com\/wordpress\/segunda\/wp-json\/wp\/v2\/posts\/69787","targetHints":{"allow":["GET"]}}],"collection":[{"href":"https:\/\/www.tucomarca.com\/wordpress\/segunda\/wp-json\/wp\/v2\/posts"}],"about":[{"href":"https:\/\/www.tucomarca.com\/wordpress\/segunda\/wp-json\/wp\/v2\/types\/post"}],"author":[{"embeddable":true,"href":"https:\/\/www.tucomarca.com\/wordpress\/segunda\/wp-json\/wp\/v2\/users\/1"}],"replies":[{"embeddable":true,"href":"https:\/\/www.tucomarca.com\/wordpress\/segunda\/wp-json\/wp\/v2\/comments?post=69787"}],"version-history":[{"count":0,"href":"https:\/\/www.tucomarca.com\/wordpress\/segunda\/wp-json\/wp\/v2\/posts\/69787\/revisions"}],"wp:featuredmedia":[{"embeddable":true,"href":"https:\/\/www.tucomarca.com\/wordpress\/segunda\/wp-json\/wp\/v2\/media\/52731"}],"wp:attachment":[{"href":"https:\/\/www.tucomarca.com\/wordpress\/segunda\/wp-json\/wp\/v2\/media?parent=69787"}],"wp:term":[{"taxonomy":"category","embeddable":true,"href":"https:\/\/www.tucomarca.com\/wordpress\/segunda\/wp-json\/wp\/v2\/categories?post=69787"},{"taxonomy":"post_tag","embeddable":true,"href":"https:\/\/www.tucomarca.com\/wordpress\/segunda\/wp-json\/wp\/v2\/tags?post=69787"}],"curies":[{"name":"wp","href":"https:\/\/api.w.org\/{rel}","templated":true}]}}