{"id":70096,"date":"2018-06-18T21:48:13","date_gmt":"2018-06-18T19:48:13","guid":{"rendered":"http:\/\/www.tucomarca.com\/wordpress\/segunda\/?p=70096"},"modified":"2018-06-18T21:48:13","modified_gmt":"2018-06-18T19:48:13","slug":"la-diputacio-cortara-la-cv-379-entre-chiva-y-gestalgar-del-20-al-22-de-junio-para-mejorar-el-tramo-mas-deteriorado","status":"publish","type":"post","link":"https:\/\/www.tucomarca.com\/wordpress\/segunda\/la-diputacio-cortara-la-cv-379-entre-chiva-y-gestalgar-del-20-al-22-de-junio-para-mejorar-el-tramo-mas-deteriorado\/","title":{"rendered":"La Diputaci\u00f3 cortar\u00e1 la CV-379 entre Chiva y Gestalgar del 20 al 22 de junio para mejorar el tramo m\u00e1s deteriorado"},"content":{"rendered":"<figure id=\"attachment_70097\" aria-describedby=\"caption-attachment-70097\" style=\"width: 245px\" class=\"wp-caption alignleft\"><img loading=\"lazy\" decoding=\"async\" class=\" wp-image-70097\" src=\"https:\/\/www.tucomarca.com\/wordpress\/segunda\/wp-content\/uploads\/2018\/06\/ChivaGestalgar.png\" alt=\"Mapa de la zona de la carretera afectada.\" width=\"245\" height=\"331\" srcset=\"https:\/\/www.tucomarca.com\/wordpress\/segunda\/wp-content\/uploads\/2018\/06\/ChivaGestalgar.png 526w, https:\/\/www.tucomarca.com\/wordpress\/segunda\/wp-content\/uploads\/2018\/06\/ChivaGestalgar-222x300.png 222w\" sizes=\"auto, (max-width: 245px) 100vw, 245px\" \/><figcaption id=\"caption-attachment-70097\" class=\"wp-caption-text\">Mapa de la zona de la carretera afectada.<\/figcaption><\/figure>\n<p>La Diputaci\u00f3 de Valencia ha iniciado las obras de refuerzo del firme en la CV-379 de Chiva a Gestalgar. Para conseguir agilizar su ejecuci\u00f3n con las debidas garant\u00edas de seguridad para el tr\u00e1fico y para los propios trabajadores, se cortar\u00e1 la v\u00eda el mi\u00e9rcoles, 20 de junio. El corte se prolongar\u00e1 durante tres d\u00edas, en horario laboral, y afectar\u00e1 al tramo comprendido entre los kil\u00f3metros 7 y 11. Durante este tiempo, se desviar\u00e1 a los veh\u00edculos por las carreteras CV-377 y CV-381.<\/p>\n<p>Las obras de reparaci\u00f3n y asfaltado del tramo deteriorado ya han comenzado a ejecutarse y cuentan con un presupuesto de 40.000 euros. El diputado de Carreteras, Pablo Segu\u00ed, ha asegurado que \u201curg\u00eda una actuaci\u00f3n global de refuerzo para garantizar la seguridad en la circulaci\u00f3n de esta v\u00eda\u201d.<\/p>\n<p>Esta actuaci\u00f3n forma parte del proyecto de conservaci\u00f3n, reparaci\u00f3n y mejora de las carreteras de titularidad provincial en la demarcaci\u00f3n de Bu\u00f1ol, en el que la Diputaci\u00f3 de Valencia tiene previsto invertir a lo largo de este a\u00f1o 1,7 millones de euros. Adem\u00e1s de obras de refuerzo, est\u00e1 previsto renovar se\u00f1alizaciones verticales y horizontales, reparar blandones y sellar grietas, instalar pantallas din\u00e1micas para contener deslizamientos, ejecutar cunetas de seguridad y estabilizar taludes.<\/p>\n","protected":false},"excerpt":{"rendered":"<div class=\"mh-excerpt\">La Diputaci\u00f3 de Valencia ha iniciado las obras de refuerzo del firme en la CV-379 de Chiva a Gestalgar. Para conseguir agilizar su ejecuci\u00f3n con las debidas garant\u00edas de seguridad para el tr\u00e1fico y para <a class=\"mh-excerpt-more\" href=\"https:\/\/www.tucomarca.com\/wordpress\/segunda\/la-diputacio-cortara-la-cv-379-entre-chiva-y-gestalgar-del-20-al-22-de-junio-para-mejorar-el-tramo-mas-deteriorado\/\" title=\"La Diputaci\u00f3 cortar\u00e1 la CV-379 entre Chiva y Gestalgar del 20 al 22 de junio para mejorar el tramo m\u00e1s deteriorado\">[+] <\/a><\/div>\n","protected":false},"author":1,"featured_media":70097,"comment_status":"open","ping_status":"open","sticky":false,"template":"","format":"standard","meta":{"footnotes":""},"categories":[16,193,128,8,10,59,3,45],"tags":[10384,10446,5952,10400],"class_list":{"0":"post-70096","1":"post","2":"type-post","3":"status-publish","4":"format-standard","5":"has-post-thumbnail","7":"category-chiva","8":"category-gestalgar","9":"category-infraestructuras","10":"category-la-comarca","11":"category-la-hoya","12":"category-los-serranos","13":"category-seccion","14":"category-ventana","15":"tag-chiva","16":"tag-gestalgar","17":"tag-la-hoya-de-bunol-chiva","18":"tag-los-serranos"},"_links":{"self":[{"href":"https:\/\/www.tucomarca.com\/wordpress\/segunda\/wp-json\/wp\/v2\/posts\/70096","targetHints":{"allow":["GET"]}}],"collection":[{"href":"https:\/\/www.tucomarca.com\/wordpress\/segunda\/wp-json\/wp\/v2\/posts"}],"about":[{"href":"https:\/\/www.tucomarca.com\/wordpress\/segunda\/wp-json\/wp\/v2\/types\/post"}],"author":[{"embeddable":true,"href":"https:\/\/www.tucomarca.com\/wordpress\/segunda\/wp-json\/wp\/v2\/users\/1"}],"replies":[{"embeddable":true,"href":"https:\/\/www.tucomarca.com\/wordpress\/segunda\/wp-json\/wp\/v2\/comments?post=70096"}],"version-history":[{"count":0,"href":"https:\/\/www.tucomarca.com\/wordpress\/segunda\/wp-json\/wp\/v2\/posts\/70096\/revisions"}],"wp:featuredmedia":[{"embeddable":true,"href":"https:\/\/www.tucomarca.com\/wordpress\/segunda\/wp-json\/wp\/v2\/media\/70097"}],"wp:attachment":[{"href":"https:\/\/www.tucomarca.com\/wordpress\/segunda\/wp-json\/wp\/v2\/media?parent=70096"}],"wp:term":[{"taxonomy":"category","embeddable":true,"href":"https:\/\/www.tucomarca.com\/wordpress\/segunda\/wp-json\/wp\/v2\/categories?post=70096"},{"taxonomy":"post_tag","embeddable":true,"href":"https:\/\/www.tucomarca.com\/wordpress\/segunda\/wp-json\/wp\/v2\/tags?post=70096"}],"curies":[{"name":"wp","href":"https:\/\/api.w.org\/{rel}","templated":true}]}}