{"id":7029,"date":"2012-09-05T13:59:44","date_gmt":"2012-09-05T11:59:44","guid":{"rendered":"http:\/\/www.tucomarca.com\/wordpress\/segunda\/?p=7029"},"modified":"2012-09-05T14:06:45","modified_gmt":"2012-09-05T12:06:45","slug":"efectivos-del-parque-de-bomberos-de-alzira-rescatan-un-aguila-que-llevaba-dos-dias-atrapada-entre-las-ramas-de-un-pino","status":"publish","type":"post","link":"https:\/\/www.tucomarca.com\/wordpress\/segunda\/efectivos-del-parque-de-bomberos-de-alzira-rescatan-un-aguila-que-llevaba-dos-dias-atrapada-entre-las-ramas-de-un-pino\/","title":{"rendered":"Efectivos del parque de bomberos de Alzira rescatan un \u00e1guila que llevaba dos d\u00edas atrapada entre las ramas de un pino"},"content":{"rendered":"<figure id=\"attachment_7030\" aria-describedby=\"caption-attachment-7030\" style=\"width: 300px\" class=\"wp-caption alignleft\"><a href=\"https:\/\/www.tucomarca.com\/wordpress\/segunda\/wp-content\/uploads\/2012\/09\/RescateAguilaBomberos.jpg\"><img loading=\"lazy\" decoding=\"async\" class=\"size-medium wp-image-7030\" title=\"RescateAguilaBomberos\" src=\"https:\/\/www.tucomarca.com\/wordpress\/segunda\/wp-content\/uploads\/2012\/09\/RescateAguilaBomberos-300x225.jpg\" alt=\"Uno de los bomberos sostiene al \u00e1guila rescatada.\" width=\"300\" height=\"225\" \/><\/a><figcaption id=\"caption-attachment-7030\" class=\"wp-caption-text\">Uno de los bomberos sostiene al \u00e1guila rescatada.<\/figcaption><\/figure>\n<p>Efectivos del parque de bomberos de Alzira, pertenecientes al Consorcio Provincial de Bomberos de Valencia, rescataron durante la ma\u00f1ana de ayer a un \u00e1guila que llevaba dos d\u00edas atrapada entre las ramas de un pino en el Cam\u00ed la Lloma, en el paraje Pl\u00e0 de la Corbera de Alzira.<\/p>\n<p>El ave no pod\u00eda volar porque se hab\u00eda enganchado la cuerda de cetrer\u00eda que llevaba atada a su pata. Los bomberos liberaron al animal y lo entregaron al Seprona, quienes lo llevaron al Centro de Recuperaci\u00f3n de Fauna del Saler<\/p>\n","protected":false},"excerpt":{"rendered":"<div class=\"mh-excerpt\">Efectivos del parque de bomberos de Alzira, pertenecientes al Consorcio Provincial de Bomberos de Valencia, rescataron durante la ma\u00f1ana de ayer a un \u00e1guila que llevaba dos d\u00edas atrapada entre las ramas de un pino <a class=\"mh-excerpt-more\" href=\"https:\/\/www.tucomarca.com\/wordpress\/segunda\/efectivos-del-parque-de-bomberos-de-alzira-rescatan-un-aguila-que-llevaba-dos-dias-atrapada-entre-las-ramas-de-un-pino\/\" title=\"Efectivos del parque de bomberos de Alzira rescatan un \u00e1guila que llevaba dos d\u00edas atrapada entre las ramas de un pino\">[+] <\/a><\/div>\n","protected":false},"author":1,"featured_media":7030,"comment_status":"open","ping_status":"open","sticky":false,"template":"","format":"standard","meta":{"footnotes":""},"categories":[69,8,42,117,3,45],"tags":[],"class_list":{"0":"post-7029","1":"post","2":"type-post","3":"status-publish","4":"format-standard","5":"has-post-thumbnail","7":"category-alzira","8":"category-la-comarca","9":"category-la-ribera","10":"category-medio-ambiente-la-comarca","11":"category-seccion","12":"category-ventana"},"_links":{"self":[{"href":"https:\/\/www.tucomarca.com\/wordpress\/segunda\/wp-json\/wp\/v2\/posts\/7029","targetHints":{"allow":["GET"]}}],"collection":[{"href":"https:\/\/www.tucomarca.com\/wordpress\/segunda\/wp-json\/wp\/v2\/posts"}],"about":[{"href":"https:\/\/www.tucomarca.com\/wordpress\/segunda\/wp-json\/wp\/v2\/types\/post"}],"author":[{"embeddable":true,"href":"https:\/\/www.tucomarca.com\/wordpress\/segunda\/wp-json\/wp\/v2\/users\/1"}],"replies":[{"embeddable":true,"href":"https:\/\/www.tucomarca.com\/wordpress\/segunda\/wp-json\/wp\/v2\/comments?post=7029"}],"version-history":[{"count":0,"href":"https:\/\/www.tucomarca.com\/wordpress\/segunda\/wp-json\/wp\/v2\/posts\/7029\/revisions"}],"wp:featuredmedia":[{"embeddable":true,"href":"https:\/\/www.tucomarca.com\/wordpress\/segunda\/wp-json\/wp\/v2\/media\/7030"}],"wp:attachment":[{"href":"https:\/\/www.tucomarca.com\/wordpress\/segunda\/wp-json\/wp\/v2\/media?parent=7029"}],"wp:term":[{"taxonomy":"category","embeddable":true,"href":"https:\/\/www.tucomarca.com\/wordpress\/segunda\/wp-json\/wp\/v2\/categories?post=7029"},{"taxonomy":"post_tag","embeddable":true,"href":"https:\/\/www.tucomarca.com\/wordpress\/segunda\/wp-json\/wp\/v2\/tags?post=7029"}],"curies":[{"name":"wp","href":"https:\/\/api.w.org\/{rel}","templated":true}]}}