{"id":70321,"date":"2018-06-26T20:05:36","date_gmt":"2018-06-26T18:05:36","guid":{"rendered":"http:\/\/www.tucomarca.com\/wordpress\/segunda\/?p=70321"},"modified":"2018-06-26T20:05:36","modified_gmt":"2018-06-26T18:05:36","slug":"el-moto-club-bunol-participa-en-el-campeonato-nacional-de-enduro-celebrado-en-torre-del-bierzo-leon","status":"publish","type":"post","link":"https:\/\/www.tucomarca.com\/wordpress\/segunda\/el-moto-club-bunol-participa-en-el-campeonato-nacional-de-enduro-celebrado-en-torre-del-bierzo-leon\/","title":{"rendered":"El Moto Club Bu\u00f1ol participa en el Campeonato Nacional de Enduro celebrado en Torre del Bierzo (Le\u00f3n)"},"content":{"rendered":"<p>El pasado s\u00e1bado se celebr\u00f3 la primera prueba del Campeonato Nacional de Enduro Infantil en tierras leonesas, concretamente en Torre del Bierzo, donde los tres pilotos del Moto Club Bu\u00f1ol acudieron a participar en este duro deporte en un circuito muy duro y exigente que puso a prueba extrema a los peque\u00f1os-grandes deportistas del motociclismo de enduro.<\/p>\n<p>Tanto es as\u00ed que en la categor\u00eda de 65 cc donde participaban Vicente Galarza y Carlos Grollo junto con 10 pilotos m\u00e1s de todos los rincones de Espa\u00f1a, Vicente finaliz\u00f3 en sexta posici\u00f3n: excelente por la dureza de la prueba. Pero Carlos Grollo no pudo terminar por la exigencia de competir en esta categor\u00eda de 65 cc cuando el a\u00fan corre en 50 cc, mucho m\u00e1s llevadera para su corta edad.<\/p>\n<p>Y en la categor\u00eda de 85 cc, Jaume Ballester tambi\u00e9n sufri\u00f3 much\u00edsimo por el duro trazado y finaliz\u00f3 en la posici\u00f3n 14 de los 18 de la parrilla. A falta de dos pruebas m\u00e1s que conforman este Campeonato: una el 28 de octubre en Segovia y la \u00faltima el 11 de noviembre en San Mateu (Castell\u00f3n) esperemos puedan entrenar a tope y poder darnos m\u00e1s alegr\u00edas de estos peques en el Nacional de Enduro Infantil. Informa, <strong>Elio Zan\u00f3n<\/strong>.<\/p>\n","protected":false},"excerpt":{"rendered":"<div class=\"mh-excerpt\">El pasado s\u00e1bado se celebr\u00f3 la primera prueba del Campeonato Nacional de Enduro Infantil en tierras leonesas, concretamente en Torre del Bierzo, donde los tres pilotos del Moto Club Bu\u00f1ol acudieron a participar en este <a class=\"mh-excerpt-more\" href=\"https:\/\/www.tucomarca.com\/wordpress\/segunda\/el-moto-club-bunol-participa-en-el-campeonato-nacional-de-enduro-celebrado-en-torre-del-bierzo-leon\/\" title=\"El Moto Club Bu\u00f1ol participa en el Campeonato Nacional de Enduro celebrado en Torre del Bierzo (Le\u00f3n)\">[+] <\/a><\/div>\n","protected":false},"author":1,"featured_media":63374,"comment_status":"open","ping_status":"open","sticky":false,"template":"","format":"standard","meta":{"footnotes":""},"categories":[18,6,10,91,3],"tags":[10385,10379,5952,10813,10407],"class_list":{"0":"post-70321","1":"post","2":"type-post","3":"status-publish","4":"format-standard","5":"has-post-thumbnail","7":"category-bunol","8":"category-deportes","9":"category-la-hoya","10":"category-motociclismo","11":"category-seccion","12":"tag-bunol","13":"tag-deportes","14":"tag-la-hoya-de-bunol-chiva","15":"tag-moto-club","16":"tag-motociclismo"},"_links":{"self":[{"href":"https:\/\/www.tucomarca.com\/wordpress\/segunda\/wp-json\/wp\/v2\/posts\/70321","targetHints":{"allow":["GET"]}}],"collection":[{"href":"https:\/\/www.tucomarca.com\/wordpress\/segunda\/wp-json\/wp\/v2\/posts"}],"about":[{"href":"https:\/\/www.tucomarca.com\/wordpress\/segunda\/wp-json\/wp\/v2\/types\/post"}],"author":[{"embeddable":true,"href":"https:\/\/www.tucomarca.com\/wordpress\/segunda\/wp-json\/wp\/v2\/users\/1"}],"replies":[{"embeddable":true,"href":"https:\/\/www.tucomarca.com\/wordpress\/segunda\/wp-json\/wp\/v2\/comments?post=70321"}],"version-history":[{"count":0,"href":"https:\/\/www.tucomarca.com\/wordpress\/segunda\/wp-json\/wp\/v2\/posts\/70321\/revisions"}],"wp:featuredmedia":[{"embeddable":true,"href":"https:\/\/www.tucomarca.com\/wordpress\/segunda\/wp-json\/wp\/v2\/media\/63374"}],"wp:attachment":[{"href":"https:\/\/www.tucomarca.com\/wordpress\/segunda\/wp-json\/wp\/v2\/media?parent=70321"}],"wp:term":[{"taxonomy":"category","embeddable":true,"href":"https:\/\/www.tucomarca.com\/wordpress\/segunda\/wp-json\/wp\/v2\/categories?post=70321"},{"taxonomy":"post_tag","embeddable":true,"href":"https:\/\/www.tucomarca.com\/wordpress\/segunda\/wp-json\/wp\/v2\/tags?post=70321"}],"curies":[{"name":"wp","href":"https:\/\/api.w.org\/{rel}","templated":true}]}}