{"id":7042,"date":"2012-09-06T10:03:49","date_gmt":"2012-09-06T08:03:49","guid":{"rendered":"http:\/\/www.tucomarca.com\/wordpress\/segunda\/?p=7042"},"modified":"2012-09-06T10:04:34","modified_gmt":"2012-09-06T08:04:34","slug":"el-gobierno-de-turis-acomete-la-remodelacion-del-anfiteatro-del-parque-municipal-de-la-mina","status":"publish","type":"post","link":"https:\/\/www.tucomarca.com\/wordpress\/segunda\/el-gobierno-de-turis-acomete-la-remodelacion-del-anfiteatro-del-parque-municipal-de-la-mina\/","title":{"rendered":"El gobierno de Tur\u00eds acomete la remodelaci\u00f3n del anfiteatro del parque municipal de La Mina"},"content":{"rendered":"<p>Como inform\u00f3 este semanario en su edici\u00f3n impresa de la semana pasada, el parque municipal de La Mina  de Tur\u00eds dispone de un anfiteatro reci\u00e9n renovado con motivo de las fiestas de agosto. Como se ha informado desde el consistorio, el recinto cuenta con nuevas gradas, as\u00ed como con una ampliaci\u00f3n de la plataforma del escenario que sirve para los conciertos de la banda y otras expresiones culturales.<br \/>\nLa iluminaci\u00f3n, la mejora en la visibilidad de las gradas, los accesos y un p\u00f3rtico con el escudo de la localidad completan esta intervenci\u00f3n que debido a la premura con que llegaron las fiestas no se pudo completar, aunque se espera que est\u00e9n finiquitadas en las pr\u00f3ximas semanas.<br \/>\nA su vez, se ha aprovechado esta actuaci\u00f3n para sustituir los bancos del parque adyacente a la espera de la total renovaci\u00f3n del mobiliario y los juegos infantiles que ser\u00e1n utilizados por los m\u00e1s peques.<\/p>\n","protected":false},"excerpt":{"rendered":"<div class=\"mh-excerpt\">Como inform\u00f3 este semanario en su edici\u00f3n impresa de la semana pasada, el parque municipal de La Mina de Tur\u00eds dispone de un anfiteatro reci\u00e9n renovado con motivo de las fiestas de agosto. Como se <a class=\"mh-excerpt-more\" href=\"https:\/\/www.tucomarca.com\/wordpress\/segunda\/el-gobierno-de-turis-acomete-la-remodelacion-del-anfiteatro-del-parque-municipal-de-la-mina\/\" title=\"El gobierno de Tur\u00eds acomete la remodelaci\u00f3n del anfiteatro del parque municipal de La Mina\">[+] <\/a><\/div>\n","protected":false},"author":2,"featured_media":0,"comment_status":"open","ping_status":"open","sticky":false,"template":"","format":"standard","meta":{"footnotes":""},"categories":[128,8,42,3,43],"tags":[10412],"class_list":{"0":"post-7042","1":"post","2":"type-post","3":"status-publish","4":"format-standard","6":"category-infraestructuras","7":"category-la-comarca","8":"category-la-ribera","9":"category-seccion","10":"category-turis","11":"tag-infraestructuras"},"_links":{"self":[{"href":"https:\/\/www.tucomarca.com\/wordpress\/segunda\/wp-json\/wp\/v2\/posts\/7042","targetHints":{"allow":["GET"]}}],"collection":[{"href":"https:\/\/www.tucomarca.com\/wordpress\/segunda\/wp-json\/wp\/v2\/posts"}],"about":[{"href":"https:\/\/www.tucomarca.com\/wordpress\/segunda\/wp-json\/wp\/v2\/types\/post"}],"author":[{"embeddable":true,"href":"https:\/\/www.tucomarca.com\/wordpress\/segunda\/wp-json\/wp\/v2\/users\/2"}],"replies":[{"embeddable":true,"href":"https:\/\/www.tucomarca.com\/wordpress\/segunda\/wp-json\/wp\/v2\/comments?post=7042"}],"version-history":[{"count":0,"href":"https:\/\/www.tucomarca.com\/wordpress\/segunda\/wp-json\/wp\/v2\/posts\/7042\/revisions"}],"wp:attachment":[{"href":"https:\/\/www.tucomarca.com\/wordpress\/segunda\/wp-json\/wp\/v2\/media?parent=7042"}],"wp:term":[{"taxonomy":"category","embeddable":true,"href":"https:\/\/www.tucomarca.com\/wordpress\/segunda\/wp-json\/wp\/v2\/categories?post=7042"},{"taxonomy":"post_tag","embeddable":true,"href":"https:\/\/www.tucomarca.com\/wordpress\/segunda\/wp-json\/wp\/v2\/tags?post=7042"}],"curies":[{"name":"wp","href":"https:\/\/api.w.org\/{rel}","templated":true}]}}