{"id":70446,"date":"2018-06-29T17:25:51","date_gmt":"2018-06-29T15:25:51","guid":{"rendered":"http:\/\/www.tucomarca.com\/wordpress\/segunda\/?p=70446"},"modified":"2018-06-29T17:25:51","modified_gmt":"2018-06-29T15:25:51","slug":"bunol-celebra-la-segunda-edicion-de-su-cena-contra-el-cancer-en-el-paseo-de-san-luis","status":"publish","type":"post","link":"https:\/\/www.tucomarca.com\/wordpress\/segunda\/bunol-celebra-la-segunda-edicion-de-su-cena-contra-el-cancer-en-el-paseo-de-san-luis\/","title":{"rendered":"Bu\u00f1ol celebra la segunda edici\u00f3n de su cena contra el c\u00e1ncer en el Paseo de San Luis"},"content":{"rendered":"<figure id=\"attachment_70447\" aria-describedby=\"caption-attachment-70447\" style=\"width: 462px\" class=\"wp-caption alignleft\"><img loading=\"lazy\" decoding=\"async\" class=\" wp-image-70447\" src=\"https:\/\/www.tucomarca.com\/wordpress\/segunda\/wp-content\/uploads\/2018\/06\/cenacancer17.jpg\" alt=\"Edici\u00f3n pasada de la Cena del C\u00e1ncer.\" width=\"462\" height=\"295\" srcset=\"https:\/\/www.tucomarca.com\/wordpress\/segunda\/wp-content\/uploads\/2018\/06\/cenacancer17.jpg 945w, https:\/\/www.tucomarca.com\/wordpress\/segunda\/wp-content\/uploads\/2018\/06\/cenacancer17-300x191.jpg 300w, https:\/\/www.tucomarca.com\/wordpress\/segunda\/wp-content\/uploads\/2018\/06\/cenacancer17-768x490.jpg 768w\" sizes=\"auto, (max-width: 462px) 100vw, 462px\" \/><figcaption id=\"caption-attachment-70447\" class=\"wp-caption-text\"><em>Edici\u00f3n pasada de la Cena del C\u00e1ncer.<\/em><\/figcaption><\/figure>\n<p>El Paseo de San Luis de Bu\u00f1ol acoge este viernes, 31 de junio, a partir de las 21,00 horas la segunda edici\u00f3n de la cena solidaria de sobaquillo organizada por la Junta Local de la Asociaci\u00f3n Espa\u00f1ola Contra el C\u00e1ncer (AECC) de la localidad.<\/p>\n<p>Como han informado desde la organizaci\u00f3n, los t\u00edckets se venden al precio de 3 euros. Se espera que la participaci\u00f3n y la recaudaci\u00f3n en este evento sea tan exitosa o m\u00e1s como cualquiera de los actos que organiza la junta local de la AECC.<\/p>\n","protected":false},"excerpt":{"rendered":"<div class=\"mh-excerpt\">El Paseo de San Luis de Bu\u00f1ol acoge este viernes, 31 de junio, a partir de las 21,00 horas la segunda edici\u00f3n de la cena solidaria de sobaquillo organizada por la Junta Local de la <a class=\"mh-excerpt-more\" href=\"https:\/\/www.tucomarca.com\/wordpress\/segunda\/bunol-celebra-la-segunda-edicion-de-su-cena-contra-el-cancer-en-el-paseo-de-san-luis\/\" title=\"Bu\u00f1ol celebra la segunda edici\u00f3n de su cena contra el c\u00e1ncer en el Paseo de San Luis\">[+] <\/a><\/div>\n","protected":false},"author":2,"featured_media":70447,"comment_status":"open","ping_status":"open","sticky":false,"template":"","format":"standard","meta":{"footnotes":""},"categories":[4,18,119,8,10,3],"tags":[10471,5335,5952],"class_list":{"0":"post-70446","1":"post","2":"type-post","3":"status-publish","4":"format-standard","5":"has-post-thumbnail","7":"category-agenda","8":"category-bunol","9":"category-sanidad-la-comarca","10":"category-la-comarca","11":"category-la-hoya","12":"category-seccion","13":"tag-aecc-bunol","14":"tag-ayuntamiento-de-bunol","15":"tag-la-hoya-de-bunol-chiva"},"_links":{"self":[{"href":"https:\/\/www.tucomarca.com\/wordpress\/segunda\/wp-json\/wp\/v2\/posts\/70446","targetHints":{"allow":["GET"]}}],"collection":[{"href":"https:\/\/www.tucomarca.com\/wordpress\/segunda\/wp-json\/wp\/v2\/posts"}],"about":[{"href":"https:\/\/www.tucomarca.com\/wordpress\/segunda\/wp-json\/wp\/v2\/types\/post"}],"author":[{"embeddable":true,"href":"https:\/\/www.tucomarca.com\/wordpress\/segunda\/wp-json\/wp\/v2\/users\/2"}],"replies":[{"embeddable":true,"href":"https:\/\/www.tucomarca.com\/wordpress\/segunda\/wp-json\/wp\/v2\/comments?post=70446"}],"version-history":[{"count":0,"href":"https:\/\/www.tucomarca.com\/wordpress\/segunda\/wp-json\/wp\/v2\/posts\/70446\/revisions"}],"wp:featuredmedia":[{"embeddable":true,"href":"https:\/\/www.tucomarca.com\/wordpress\/segunda\/wp-json\/wp\/v2\/media\/70447"}],"wp:attachment":[{"href":"https:\/\/www.tucomarca.com\/wordpress\/segunda\/wp-json\/wp\/v2\/media?parent=70446"}],"wp:term":[{"taxonomy":"category","embeddable":true,"href":"https:\/\/www.tucomarca.com\/wordpress\/segunda\/wp-json\/wp\/v2\/categories?post=70446"},{"taxonomy":"post_tag","embeddable":true,"href":"https:\/\/www.tucomarca.com\/wordpress\/segunda\/wp-json\/wp\/v2\/tags?post=70446"}],"curies":[{"name":"wp","href":"https:\/\/api.w.org\/{rel}","templated":true}]}}