{"id":7060,"date":"2012-09-06T11:48:11","date_gmt":"2012-09-06T09:48:11","guid":{"rendered":"http:\/\/www.tucomarca.com\/wordpress\/segunda\/?p=7060"},"modified":"2012-09-06T19:35:56","modified_gmt":"2012-09-06T17:35:56","slug":"dos-detenidos-por-agresion-sexual-en-bunol-el-dia-de-la-tomatina","status":"publish","type":"post","link":"https:\/\/www.tucomarca.com\/wordpress\/segunda\/dos-detenidos-por-agresion-sexual-en-bunol-el-dia-de-la-tomatina\/","title":{"rendered":"Dos detenidos por agresi\u00f3n sexual en Bu\u00f1ol el d\u00eda de La Tomatina"},"content":{"rendered":"<figure id=\"attachment_7061\" aria-describedby=\"caption-attachment-7061\" style=\"width: 300px\" class=\"wp-caption alignleft\"><a rel=\"attachment wp-att-7061\" href=\"https:\/\/www.tucomarca.com\/wordpress\/segunda\/?attachment_id=7061\"><img loading=\"lazy\" decoding=\"async\" class=\"size-medium wp-image-7061\" title=\"puente jarra\" src=\"https:\/\/www.tucomarca.com\/wordpress\/segunda\/wp-content\/uploads\/2012\/09\/puente-jarra-300x200.jpg\" alt=\"\" width=\"300\" height=\"200\" srcset=\"https:\/\/www.tucomarca.com\/wordpress\/segunda\/wp-content\/uploads\/2012\/09\/puente-jarra-300x200.jpg 300w, https:\/\/www.tucomarca.com\/wordpress\/segunda\/wp-content\/uploads\/2012\/09\/puente-jarra.jpg 1000w\" sizes=\"auto, (max-width: 300px) 100vw, 300px\" \/><\/a><figcaption id=\"caption-attachment-7061\" class=\"wp-caption-text\">Puente pr\u00f3ximo a la zona por la que fue empujado el joven senegal\u00e9s anexo a la zona de ocio, en una imagen de archivo. tc.c<\/figcaption><\/figure>\n<p>Fuentes policiales han confirmado a este semanario la detenci\u00f3n de dos hombres durante el d\u00eda de La Tomatina en Bu\u00f1ol tras cometer sendas agresiones sexuales.<br \/>\nEn una de ellas se viol\u00f3 a una joven, mientras que la otra se efectu\u00f3 tras denunciarse un ataque sexual entre dos hombres.<br \/>\nEstos sucesos, junto a los \u00faltimos datos sobre el joven senegal\u00e9s empujado po el puente de La Jarra de Bu\u00f1ol est\u00e1n debidamente ampliados en la edici\u00f3n impresa de este jueves (n\u00famero 465) ya disponible en todos los kioscos de La Hoya de Bu\u00f1ol-Chiva y localidades lim\u00edtrofes.<\/p>\n<p>&nbsp;<\/p>\n","protected":false},"excerpt":{"rendered":"<div class=\"mh-excerpt\">Fuentes policiales han confirmado a este semanario la detenci\u00f3n de dos hombres durante el d\u00eda de La Tomatina en Bu\u00f1ol tras cometer sendas agresiones sexuales. En una de ellas se viol\u00f3 a una joven, mientras <a class=\"mh-excerpt-more\" href=\"https:\/\/www.tucomarca.com\/wordpress\/segunda\/dos-detenidos-por-agresion-sexual-en-bunol-el-dia-de-la-tomatina\/\" title=\"Dos detenidos por agresi\u00f3n sexual en Bu\u00f1ol el d\u00eda de La Tomatina\">[+] <\/a><\/div>\n","protected":false},"author":2,"featured_media":7061,"comment_status":"open","ping_status":"open","sticky":false,"template":"","format":"standard","meta":{"footnotes":""},"categories":[18,8,10,3,116,45],"tags":[33],"class_list":{"0":"post-7060","1":"post","2":"type-post","3":"status-publish","4":"format-standard","5":"has-post-thumbnail","7":"category-bunol","8":"category-la-comarca","9":"category-la-hoya","10":"category-seccion","11":"category-sucesos-la-comarca","12":"category-ventana","13":"tag-sucesos"},"_links":{"self":[{"href":"https:\/\/www.tucomarca.com\/wordpress\/segunda\/wp-json\/wp\/v2\/posts\/7060","targetHints":{"allow":["GET"]}}],"collection":[{"href":"https:\/\/www.tucomarca.com\/wordpress\/segunda\/wp-json\/wp\/v2\/posts"}],"about":[{"href":"https:\/\/www.tucomarca.com\/wordpress\/segunda\/wp-json\/wp\/v2\/types\/post"}],"author":[{"embeddable":true,"href":"https:\/\/www.tucomarca.com\/wordpress\/segunda\/wp-json\/wp\/v2\/users\/2"}],"replies":[{"embeddable":true,"href":"https:\/\/www.tucomarca.com\/wordpress\/segunda\/wp-json\/wp\/v2\/comments?post=7060"}],"version-history":[{"count":0,"href":"https:\/\/www.tucomarca.com\/wordpress\/segunda\/wp-json\/wp\/v2\/posts\/7060\/revisions"}],"wp:featuredmedia":[{"embeddable":true,"href":"https:\/\/www.tucomarca.com\/wordpress\/segunda\/wp-json\/wp\/v2\/media\/7061"}],"wp:attachment":[{"href":"https:\/\/www.tucomarca.com\/wordpress\/segunda\/wp-json\/wp\/v2\/media?parent=7060"}],"wp:term":[{"taxonomy":"category","embeddable":true,"href":"https:\/\/www.tucomarca.com\/wordpress\/segunda\/wp-json\/wp\/v2\/categories?post=7060"},{"taxonomy":"post_tag","embeddable":true,"href":"https:\/\/www.tucomarca.com\/wordpress\/segunda\/wp-json\/wp\/v2\/tags?post=7060"}],"curies":[{"name":"wp","href":"https:\/\/api.w.org\/{rel}","templated":true}]}}