{"id":70642,"date":"2018-07-10T21:45:27","date_gmt":"2018-07-10T19:45:27","guid":{"rendered":"http:\/\/www.tucomarca.com\/wordpress\/segunda\/?p=70642"},"modified":"2018-07-10T21:46:20","modified_gmt":"2018-07-10T19:46:20","slug":"contelles-pspv-y-compromis-plantean-un-ere-de-extincion-en-divalterra-porque-son-incapaces-de-acabar-con-la-corrupcion-en-sus-partidos","status":"publish","type":"post","link":"https:\/\/www.tucomarca.com\/wordpress\/segunda\/contelles-pspv-y-compromis-plantean-un-ere-de-extincion-en-divalterra-porque-son-incapaces-de-acabar-con-la-corrupcion-en-sus-partidos\/","title":{"rendered":"Contelles: \u201cPSPV y Comprom\u00eds plantean un ERE de extinci\u00f3n en Divalterra porque son incapaces de acabar con la corrupci\u00f3n en sus partidos\u201d"},"content":{"rendered":"<figure id=\"attachment_70643\" aria-describedby=\"caption-attachment-70643\" style=\"width: 257px\" class=\"wp-caption alignleft\"><img loading=\"lazy\" decoding=\"async\" class=\" wp-image-70643\" src=\"https:\/\/www.tucomarca.com\/wordpress\/segunda\/wp-content\/uploads\/2018\/07\/mcc_comite-290x290.jpg\" alt=\"Propone implantar el plan Compliance de prevenci\u00f3n del delito, un gerente \u00fanico e independiente y el acceso a los puestos de trabajo por m\u00e9rito y capacidad\" width=\"257\" height=\"257\" srcset=\"https:\/\/www.tucomarca.com\/wordpress\/segunda\/wp-content\/uploads\/2018\/07\/mcc_comite-290x290.jpg 290w, https:\/\/www.tucomarca.com\/wordpress\/segunda\/wp-content\/uploads\/2018\/07\/mcc_comite-50x50.jpg 50w\" sizes=\"auto, (max-width: 257px) 100vw, 257px\" \/><figcaption id=\"caption-attachment-70643\" class=\"wp-caption-text\">Propone implantar el plan Compliance de prevenci\u00f3n del delito, un gerente \u00fanico e independiente y el acceso a los puestos de trabajo por m\u00e9rito y capacidad<\/figcaption><\/figure>\n<p>La portavoz del Partido Popular en la Diputaci\u00f3n de Valencia, Mari Carmen Contelles, ha asegurado que PSPV y Comprom\u00eds \u201cest\u00e1n planteando un ERE de extinci\u00f3n en Divalterra porque son incapaces de acabar con la corrupci\u00f3n en sus partidos\u201d y ha avanzado que si el Partido Popular vuelve al gobierno de la Diputaci\u00f3n en 2019 \u201cla empresa no se cerrar\u00e1\u201d.<\/p>\n<p>Mari Carmen Contelles se ha reunido hoy con la presidenta del Comit\u00e9 de Empresa de Divalterra para analizar la situaci\u00f3n creada tras el anuncio de la presidenta en funciones de la Diputaci\u00f3n de cerrar la empresa p\u00fablica, \u201crealizado a espaldas de los trabajadores, que han sido los \u00faltimos en enterarse\u201d.<\/p>\n<p>Contelles ha subrayado que la decisi\u00f3n de cerrar Divalterra adoptada ayer por unilateralmente por el equipo de Gobierno \u201cno se ajusta a las competencias del \u00f3rgano de gobierno de la corporaci\u00f3n provincial ya que corresponde<span class=\"Apple-converted-space\">\u00a0 <\/span>a la Junta General, pero en cualquier caso lo que est\u00e1n proponiendo no es otra cosa que un ERE de extinci\u00f3n sin causas objetivas, no justificado en razones de falta de viabilidad de la empresa, sino en su incapacidad para gestionar la empresa y para acabar con las pr\u00e1cticas irregulares de dirigentes de los partidos que lideran Ximo Puig y M\u00f3nica Oltra. Es un ERE por presunta corrupci\u00f3n\u201d.<\/p>\n<p>La portavoz popular ha insistido en que los trabajadores no son los culpables de una situaci\u00f3n que no han provocado: \u201cLos empleados de Divalterra realizan una labor extraordinaria para la provincia de Valencia, fundamentalmente en el apartado medioambiental, en materia de prevenci\u00f3n y extinci\u00f3n de incendios, cuidando del territorio y de nuestro patrimonio natural\u201d.<\/p>\n<p>Durante la reuni\u00f3n, Mari Carmen Contelles ha garantizado a los representantes de los trabajadores que si gobierna el PP \u201cse propondr\u00e1n soluciones y la empresa no se cerrar\u00e1\u201d.<\/p>\n<p>\u201cLo que haremos es implantar los planes de prevenci\u00f3n del delito que est\u00e1n previstos, el denominado Compliance, que durante estos tres a\u00f1os han ignorado los responsables de la Diputaci\u00f3n. Se nombrar\u00e1 un gerente \u00fanico e independiente, y el acceso a los puestos de trabajo en la empresa se har\u00e1 con libre concurrencia, publicidad de las bases y del procedimiento, bajo los principios de m\u00e9rito y capacidad, y con tribunales profesionalizados e independiente\u201d, ha manifestado.<\/p>\n<p>Contelles ha criticado la falta de concreci\u00f3n y de proyecto de los grupos pol\u00edticos que dirigen la Diputaci\u00f3n y la incertidumbre que generan: \u201cNo est\u00e1n pensando en las personas ni en las familias de los trabajadores ni en las necesidades de la provincia, s\u00f3lo en tratar de cubrirse sus espaldas\u201d. <span class=\"Apple-converted-space\">\u00a0<\/span><\/p>\n<p>As\u00ed, ha explicado que para cerrar la empresa se tiene que proponer un ERE de extinci\u00f3n, y a partir de ah\u00ed abrir un proceso de negociaci\u00f3n con los trabajadores y comunicarlo a la autoridad laboral (SEPE e Inspecci\u00f3n de Trabajo) para que lo autorice.<\/p>\n<p>En este sentido, ha se\u00f1alado que dentro del proceso de liquidaci\u00f3n \u201cno se puede recolocar al personal de la empresa en la Diputaci\u00f3n porque vulnera la Ley de Racionalizaci\u00f3n y Sostenibilidad de la Administraci\u00f3n Local (LRSAL) y el Estatuto B\u00e1sico del Empleado P\u00fablico (EBEP), adem\u00e1s de la Constituci\u00f3n Espa\u00f1ola\u201d.<\/p>\n<p>Por ello, ha exigido a la Mar\u00eda Jos\u00e9 Amig\u00f3 \u201cm\u00e1s seriedad y rigor para abordar una situaci\u00f3n delicada que afecta a los empleados y las familias, y menos proclamas partidistas que s\u00f3lo buscan desviar la atenci\u00f3n de los problemas internos de sus formaciones\u201d.<\/p>\n","protected":false},"excerpt":{"rendered":"<div class=\"mh-excerpt\">La portavoz del Partido Popular en la Diputaci\u00f3n de Valencia, Mari Carmen Contelles, ha asegurado que PSPV y Comprom\u00eds \u201cest\u00e1n planteando un ERE de extinci\u00f3n en Divalterra porque son incapaces de acabar con la corrupci\u00f3n <a class=\"mh-excerpt-more\" href=\"https:\/\/www.tucomarca.com\/wordpress\/segunda\/contelles-pspv-y-compromis-plantean-un-ere-de-extincion-en-divalterra-porque-son-incapaces-de-acabar-con-la-corrupcion-en-sus-partidos\/\" title=\"Contelles: \u201cPSPV y Comprom\u00eds plantean un ERE de extinci\u00f3n en Divalterra porque son incapaces de acabar con la corrupci\u00f3n en sus partidos\u201d\">[+] <\/a><\/div>\n","protected":false},"author":1,"featured_media":70643,"comment_status":"open","ping_status":"open","sticky":false,"template":"","format":"standard","meta":{"footnotes":""},"categories":[46,72,174],"tags":[204],"class_list":{"0":"post-70642","1":"post","2":"type-post","3":"status-publish","4":"format-standard","5":"has-post-thumbnail","7":"category-camp-de-turia","8":"category-sin-categorizar","9":"category-la-pobla","10":"tag-diputacion"},"_links":{"self":[{"href":"https:\/\/www.tucomarca.com\/wordpress\/segunda\/wp-json\/wp\/v2\/posts\/70642","targetHints":{"allow":["GET"]}}],"collection":[{"href":"https:\/\/www.tucomarca.com\/wordpress\/segunda\/wp-json\/wp\/v2\/posts"}],"about":[{"href":"https:\/\/www.tucomarca.com\/wordpress\/segunda\/wp-json\/wp\/v2\/types\/post"}],"author":[{"embeddable":true,"href":"https:\/\/www.tucomarca.com\/wordpress\/segunda\/wp-json\/wp\/v2\/users\/1"}],"replies":[{"embeddable":true,"href":"https:\/\/www.tucomarca.com\/wordpress\/segunda\/wp-json\/wp\/v2\/comments?post=70642"}],"version-history":[{"count":0,"href":"https:\/\/www.tucomarca.com\/wordpress\/segunda\/wp-json\/wp\/v2\/posts\/70642\/revisions"}],"wp:featuredmedia":[{"embeddable":true,"href":"https:\/\/www.tucomarca.com\/wordpress\/segunda\/wp-json\/wp\/v2\/media\/70643"}],"wp:attachment":[{"href":"https:\/\/www.tucomarca.com\/wordpress\/segunda\/wp-json\/wp\/v2\/media?parent=70642"}],"wp:term":[{"taxonomy":"category","embeddable":true,"href":"https:\/\/www.tucomarca.com\/wordpress\/segunda\/wp-json\/wp\/v2\/categories?post=70642"},{"taxonomy":"post_tag","embeddable":true,"href":"https:\/\/www.tucomarca.com\/wordpress\/segunda\/wp-json\/wp\/v2\/tags?post=70642"}],"curies":[{"name":"wp","href":"https:\/\/api.w.org\/{rel}","templated":true}]}}