{"id":70645,"date":"2018-07-10T21:42:13","date_gmt":"2018-07-10T19:42:13","guid":{"rendered":"http:\/\/www.tucomarca.com\/wordpress\/segunda\/?p=70645"},"modified":"2018-07-10T21:42:13","modified_gmt":"2018-07-10T19:42:13","slug":"la-junta-de-portaveus-de-la-diputacio-acorda-la-celebracio-dels-plenaris-per-al-nomenament-del-nou-president","status":"publish","type":"post","link":"https:\/\/www.tucomarca.com\/wordpress\/segunda\/la-junta-de-portaveus-de-la-diputacio-acorda-la-celebracio-dels-plenaris-per-al-nomenament-del-nou-president\/","title":{"rendered":"La Junta de Portaveus de la Diputaci\u00f3 acorda la celebraci\u00f3 dels plenaris per al nomenament del nou president"},"content":{"rendered":"<figure id=\"attachment_70646\" aria-describedby=\"caption-attachment-70646\" style=\"width: 290px\" class=\"wp-caption alignleft\"><img loading=\"lazy\" decoding=\"async\" class=\"size-thumbnail wp-image-70646\" src=\"https:\/\/www.tucomarca.com\/wordpress\/segunda\/wp-content\/uploads\/2018\/07\/reuni\u00f3_junta_1-290x290.jpg\" alt=\"La Diputaci\u00f3 celebrar\u00e0 dos sessions plen\u00e0ries extraordin\u00e0ries els propers dies 12 i 17 de juliol per acceptar la ren\u00fancia de Jorge Rodr\u00edguez i anomenar el nou cap de la corporaci\u00f3\" width=\"290\" height=\"290\" srcset=\"https:\/\/www.tucomarca.com\/wordpress\/segunda\/wp-content\/uploads\/2018\/07\/reuni\u00f3_junta_1-290x290.jpg 290w, https:\/\/www.tucomarca.com\/wordpress\/segunda\/wp-content\/uploads\/2018\/07\/reuni\u00f3_junta_1-50x50.jpg 50w\" sizes=\"auto, (max-width: 290px) 100vw, 290px\" \/><figcaption id=\"caption-attachment-70646\" class=\"wp-caption-text\">La Diputaci\u00f3 celebrar\u00e0 dos sessions plen\u00e0ries extraordin\u00e0ries els propers dies 12 i 17 de juliol per acceptar la ren\u00fancia de Jorge Rodr\u00edguez i anomenar el nou cap de la corporaci\u00f3<\/figcaption><\/figure>\n<p>La Junta de Portaveus de la Diputaci\u00f3 de Val\u00e8ncia ha acordat, despr\u00e9s de la reuni\u00f3 que han celebrat aquest mat\u00ed, la convocat\u00f2ria de dos sessions plen\u00e0ries extraordin\u00e0ries els propers dies 12 i 17 de juliol, i tamb\u00e9 la del Consell d\u2019Administraci\u00f3 de l\u2019empresa p\u00fablica Divalterra.<span class=\"Apple-converted-space\">\u00a0<\/span><\/p>\n<p>El dijous dia 12 de juliol a les 12 hores es celebrar\u00e0 un plenari extraordinari en el que s\u2019acceptar\u00e0 la ren\u00fancia del president Jorge Rodr\u00edguez i el cessament del seu equip assessor. Aix\u00ed mateix, a les 13 hores es reunir\u00e0 el Consell d\u2019Administraci\u00f3 de Divalterra.<span class=\"Apple-converted-space\">\u00a0<\/span><\/p>\n<p>El seg\u00fcent dimarts 17 de juliol es celebrar\u00e0 una segona sessi\u00f3 extraordin\u00e0ria del ple de la Diputaci\u00f3 en la que tindr\u00e0 lloc la presa de possessi\u00f3 del nou diputat o diputada. A continuaci\u00f3, en aquest mateix plenari, es dur\u00e0 a terme el nomenament del nou president o presidenta de la corporaci\u00f3 provincial.<span class=\"Apple-converted-space\">\u00a0<\/span><\/p>\n<p>Aix\u00ed mateix, els portaveus dels distints grups han consensuat la celebraci\u00f3 del plenari ordinari del mes de juliol el proper dimarts 24.<span class=\"Apple-converted-space\">\u00a0<\/span><\/p>\n<p><b>Tancament ordenat de Divalterra<\/b><\/p>\n<p>L\u2019equip de govern de la corporaci\u00f3 provincial ha reiterat despr\u00e9s de la reuni\u00f3 de la Junta de Portaveus que el tancament de l\u2019empresa p\u00fablica Divalterra es realitzar\u00e0 \u201cde manera ordenada i amb la garantia dels drets dels treballadors i treballadores de l\u2019ens p\u00fablic\u201d.<span class=\"Apple-converted-space\">\u00a0<\/span><\/p>\n<p>La presidenta en funcions de la Diputaci\u00f3, Maria Josep Amig\u00f3, acompanyada pels representants de l\u2019equip de govern, ha remarcat que aquesta decisi\u00f3 \u201cno \u00e9s nova i forma part del full de ruta que ens v\u00e0rem marcar al 2015 tots els membres de l\u2019equip de govern\u201d. \u201cEls treballadors sempre estan per damunt de qualsevol altra cosa, i ara el que comencem \u00e9s l\u2019estudi del tancament legal i ordenat de l\u2019empresa. Hem de veure de quina manera els treballadors podran seguir treballant, o b\u00e9 a la Diputaci\u00f3 o b\u00e9 en una altra administraci\u00f3, per\u00f2 sempre garantint els seus drets\u201d, ha detallat Maria Josep Amig\u00f3. La presidenta en funcions ha indicat tamb\u00e9 sobre els brigadistes de Divalterra que \u201cel seu treball ha d\u2019estar garantit, i els serveis que es presten des de Divalterra ens comprometem a seguir prestant-los b\u00e9 des de la Diputaci\u00f3, o b\u00e9 des d\u2019una altra administraci\u00f3\u201d.<span class=\"Apple-converted-space\">\u00a0<\/span><\/p>\n<p>Per la seua part, la diputada de Teatres i Mem\u00f2ria Hist\u00f2rica, Rosa P\u00e9rez Garijo, membre de l\u2019equip de govern, ha incidit tamb\u00e9 en aquest full de ruta i ha explicat que va assistir a la reuni\u00f3 que va convocar el Comit\u00e9 d\u2019Empresa de Divalterra dilluns passat, \u201cah\u00ed el que v\u00e0rem dir \u00e9s el nostre parer, que vol\u00edem un tancament controlat de Divalterra per\u00f2 sempre garantint els llocs de treball als treballadors i treballadores, per a nosaltres \u00e9s prioritari. Ara s\u2019ha de veure la manera legal de com es du a terme, si mitjan\u00e7ant la Diputaci\u00f3 o una altra administraci\u00f3. Ara el que toca \u00e9s esperar que s\u2019anomene el nou president o presidenta, i reunir-se l\u2019equip de govern amb el Comit\u00e9 d\u2019Empresa\u201d.<\/p>\n","protected":false},"excerpt":{"rendered":"<div class=\"mh-excerpt\">La Junta de Portaveus de la Diputaci\u00f3 de Val\u00e8ncia ha acordat, despr\u00e9s de la reuni\u00f3 que han celebrat aquest mat\u00ed, la convocat\u00f2ria de dos sessions plen\u00e0ries extraordin\u00e0ries els propers dies 12 i 17 de juliol, <a class=\"mh-excerpt-more\" href=\"https:\/\/www.tucomarca.com\/wordpress\/segunda\/la-junta-de-portaveus-de-la-diputacio-acorda-la-celebracio-dels-plenaris-per-al-nomenament-del-nou-president\/\" title=\"La Junta de Portaveus de la Diputaci\u00f3 acorda la celebraci\u00f3 dels plenaris per al nomenament del nou president\">[+] <\/a><\/div>\n","protected":false},"author":1,"featured_media":70646,"comment_status":"open","ping_status":"open","sticky":false,"template":"","format":"standard","meta":{"footnotes":""},"categories":[128,8,72,142,3,45],"tags":[204],"class_list":{"0":"post-70645","1":"post","2":"type-post","3":"status-publish","4":"format-standard","5":"has-post-thumbnail","7":"category-infraestructuras","8":"category-la-comarca","9":"category-sin-categorizar","10":"category-politica-la-comarca","11":"category-seccion","12":"category-ventana","13":"tag-diputacion"},"_links":{"self":[{"href":"https:\/\/www.tucomarca.com\/wordpress\/segunda\/wp-json\/wp\/v2\/posts\/70645","targetHints":{"allow":["GET"]}}],"collection":[{"href":"https:\/\/www.tucomarca.com\/wordpress\/segunda\/wp-json\/wp\/v2\/posts"}],"about":[{"href":"https:\/\/www.tucomarca.com\/wordpress\/segunda\/wp-json\/wp\/v2\/types\/post"}],"author":[{"embeddable":true,"href":"https:\/\/www.tucomarca.com\/wordpress\/segunda\/wp-json\/wp\/v2\/users\/1"}],"replies":[{"embeddable":true,"href":"https:\/\/www.tucomarca.com\/wordpress\/segunda\/wp-json\/wp\/v2\/comments?post=70645"}],"version-history":[{"count":0,"href":"https:\/\/www.tucomarca.com\/wordpress\/segunda\/wp-json\/wp\/v2\/posts\/70645\/revisions"}],"wp:featuredmedia":[{"embeddable":true,"href":"https:\/\/www.tucomarca.com\/wordpress\/segunda\/wp-json\/wp\/v2\/media\/70646"}],"wp:attachment":[{"href":"https:\/\/www.tucomarca.com\/wordpress\/segunda\/wp-json\/wp\/v2\/media?parent=70645"}],"wp:term":[{"taxonomy":"category","embeddable":true,"href":"https:\/\/www.tucomarca.com\/wordpress\/segunda\/wp-json\/wp\/v2\/categories?post=70645"},{"taxonomy":"post_tag","embeddable":true,"href":"https:\/\/www.tucomarca.com\/wordpress\/segunda\/wp-json\/wp\/v2\/tags?post=70645"}],"curies":[{"name":"wp","href":"https:\/\/api.w.org\/{rel}","templated":true}]}}