{"id":70676,"date":"2018-07-13T14:18:13","date_gmt":"2018-07-13T12:18:13","guid":{"rendered":"http:\/\/www.tucomarca.com\/wordpress\/segunda\/?p=70676"},"modified":"2018-07-13T14:18:13","modified_gmt":"2018-07-13T12:18:13","slug":"contelles-divalterra-se-cierra-porque-asi-lo-exigen-eu-y-podemos-para-mantener-a-pspv-y-compromis-en-el-gobierno-de-la-diputacion","status":"publish","type":"post","link":"https:\/\/www.tucomarca.com\/wordpress\/segunda\/contelles-divalterra-se-cierra-porque-asi-lo-exigen-eu-y-podemos-para-mantener-a-pspv-y-compromis-en-el-gobierno-de-la-diputacion\/","title":{"rendered":"Contelles: \u201cDivalterra se cierra porque as\u00ed lo exigen EU y Podemos para mantener a PSPV y Comprom\u00eds en el gobierno  de la Diputaci\u00f3n\u201d"},"content":{"rendered":"<figure id=\"attachment_70677\" aria-describedby=\"caption-attachment-70677\" style=\"width: 290px\" class=\"wp-caption alignleft\"><img loading=\"lazy\" decoding=\"async\" class=\"size-thumbnail wp-image-70677\" src=\"https:\/\/www.tucomarca.com\/wordpress\/segunda\/wp-content\/uploads\/2018\/07\/Contelles-290x290.jpg\" alt=\"Este pleno se celebra como consecuencia directa de la presunta trama de corrupci\u00f3n que afecta a PSPV y Comprom\u00eds y que est\u00e1 siendo investigada en los tribunales\" width=\"290\" height=\"290\" srcset=\"https:\/\/www.tucomarca.com\/wordpress\/segunda\/wp-content\/uploads\/2018\/07\/Contelles-290x290.jpg 290w, https:\/\/www.tucomarca.com\/wordpress\/segunda\/wp-content\/uploads\/2018\/07\/Contelles-50x50.jpg 50w\" sizes=\"auto, (max-width: 290px) 100vw, 290px\" \/><figcaption id=\"caption-attachment-70677\" class=\"wp-caption-text\">Este pleno se celebra como consecuencia directa de la presunta trama de corrupci\u00f3n que afecta a PSPV y Comprom\u00eds y que est\u00e1 siendo investigada en los tribunales<\/figcaption><\/figure>\n<p>La portavoz del Partido Popular en la Diputaci\u00f3n de Valencia, Mari Carmen Contelles, ha asegurado en su intervenci\u00f3n en el pleno extraordinario para aceptar la renuncia de Jorge Rodr\u00edguez que \u201cDivalterra se cierra porque as\u00ed lo exigen EU y Podemos para mantener a PSPV y Comprom\u00eds en el gobierno\u00a0 de la Diputaci\u00f3n\u201d<\/p>\n<p>Contelles ha recordado que \u201ceste pleno se celebra como consecuencia directa de la presunta trama de corrupci\u00f3n que afecta a PSPV y Comprom\u00eds y que est\u00e1 siendo investigada en los tribunales. Jorge Rodr\u00edguez ostenta ya el dudoso honor de haber sido el primer presidente de la Diputaci\u00f3n detenido en el ejercicio de sus funciones. Ya no son meras irregularidades, es presunta malversaci\u00f3n. No son unos s\u00f3lo unos contratos, es presunta prevaricaci\u00f3n\u201d.<\/p>\n<p>La portavoz popular ha querido destacar \u201cno ha sido s\u00f3lo la detenci\u00f3n del se\u00f1or Rodr\u00edguez, le acompa\u00f1aron su jefe de gabinete, su asesor, el secretario del Consejo de Administraci\u00f3n de Divalterra y los dos cogerentes hasta hoy de la empresa p\u00fablica\u201d.<\/p>\n<p>En su intervenci\u00f3n ha subrayado\u00a0que \u201clos actuales gestores de la Diputaci\u00f3n son v\u00edctimas de s\u00ed mismos por haber convertido la pol\u00edtica en un espect\u00e1culo y haber pisoteado cada vez que han podido el derecho a la presunci\u00f3n de inocencia de sus adversarios pol\u00edticos. La realidad, con todo su peso, con toda su contundencia y credibilidad les ha ca\u00eddo encima como una losa que les acompa\u00f1ar\u00e1 a partir de ahora\u201d.<\/p>\n<p>Contelles ha recordado tambi\u00e9n que ayer mismo se hac\u00eda p\u00fablico que se manten\u00eda el secreto de sumario \u2018para evitar el perjuicio de la investigaci\u00f3n de los delitos presuntamente cometidos, de \u201cnotoria gravedad\u201d tanto por los tipos penales como por las personas e instituciones presuntamente implicadas y la \u00abalarma social\u00bb que ello supone.<\/p>\n<p>Mari Carmen Contelles ha aprovechado tambi\u00e9n para indicar que \u201cel gobierno provincial no cierra Divalterra porque no funcione, ni siquiera para tapar su corrupci\u00f3n incontrolada. Divalterra se cierra porque es la moneda de cambio exigida por Izquierda Unida y Podemos para mantener al PSPV y a Comprom\u00eds al mando de la Diputaci\u00f3n\u201d<\/p>\n<p>\u201cLos 700 trabajadores y sus familias que sacado adelante la empresa p\u00fablica pese su nefasta gesti\u00f3n tienen derecho a saber que pretenden cambiar sillones por sus empleos\u201d ha remarcado la portavoz.<\/p>\n<p>En referencia al pr\u00f3ximo pleno de investidura de la nueva presidencia de Diputaci\u00f3n, Contelles ha asegurado \u201cquienes el martes voten s\u00ed a seguir respaldando al PSPV y a Comprom\u00eds al frente de la Diputaci\u00f3n de Valencia, aunque lo intenten, no s\u00f3lo dir\u00e1n s\u00ed a una persona, dir\u00e1n s\u00ed al cierre de Divalterra, votar\u00e1n a favor de mantener a un gobierno en la Diputaci\u00f3n sin conocer a\u00fan la envergadura del caso de corrupci\u00f3n y las posibles nuevas imputaciones en el gobierno de la Diputaci\u00f3n\u201d.<\/p>\n","protected":false},"excerpt":{"rendered":"<div class=\"mh-excerpt\">La portavoz del Partido Popular en la Diputaci\u00f3n de Valencia, Mari Carmen Contelles, ha asegurado en su intervenci\u00f3n en el pleno extraordinario para aceptar la renuncia de Jorge Rodr\u00edguez que \u201cDivalterra se cierra porque as\u00ed <a class=\"mh-excerpt-more\" href=\"https:\/\/www.tucomarca.com\/wordpress\/segunda\/contelles-divalterra-se-cierra-porque-asi-lo-exigen-eu-y-podemos-para-mantener-a-pspv-y-compromis-en-el-gobierno-de-la-diputacion\/\" title=\"Contelles: \u201cDivalterra se cierra porque as\u00ed lo exigen EU y Podemos para mantener a PSPV y Comprom\u00eds en el gobierno  de la Diputaci\u00f3n\u201d\">[+] <\/a><\/div>\n","protected":false},"author":1,"featured_media":70677,"comment_status":"open","ping_status":"open","sticky":false,"template":"","format":"standard","meta":{"footnotes":""},"categories":[128,8,72,142,3],"tags":[],"class_list":{"0":"post-70676","1":"post","2":"type-post","3":"status-publish","4":"format-standard","5":"has-post-thumbnail","7":"category-infraestructuras","8":"category-la-comarca","9":"category-sin-categorizar","10":"category-politica-la-comarca","11":"category-seccion"},"_links":{"self":[{"href":"https:\/\/www.tucomarca.com\/wordpress\/segunda\/wp-json\/wp\/v2\/posts\/70676","targetHints":{"allow":["GET"]}}],"collection":[{"href":"https:\/\/www.tucomarca.com\/wordpress\/segunda\/wp-json\/wp\/v2\/posts"}],"about":[{"href":"https:\/\/www.tucomarca.com\/wordpress\/segunda\/wp-json\/wp\/v2\/types\/post"}],"author":[{"embeddable":true,"href":"https:\/\/www.tucomarca.com\/wordpress\/segunda\/wp-json\/wp\/v2\/users\/1"}],"replies":[{"embeddable":true,"href":"https:\/\/www.tucomarca.com\/wordpress\/segunda\/wp-json\/wp\/v2\/comments?post=70676"}],"version-history":[{"count":0,"href":"https:\/\/www.tucomarca.com\/wordpress\/segunda\/wp-json\/wp\/v2\/posts\/70676\/revisions"}],"wp:featuredmedia":[{"embeddable":true,"href":"https:\/\/www.tucomarca.com\/wordpress\/segunda\/wp-json\/wp\/v2\/media\/70677"}],"wp:attachment":[{"href":"https:\/\/www.tucomarca.com\/wordpress\/segunda\/wp-json\/wp\/v2\/media?parent=70676"}],"wp:term":[{"taxonomy":"category","embeddable":true,"href":"https:\/\/www.tucomarca.com\/wordpress\/segunda\/wp-json\/wp\/v2\/categories?post=70676"},{"taxonomy":"post_tag","embeddable":true,"href":"https:\/\/www.tucomarca.com\/wordpress\/segunda\/wp-json\/wp\/v2\/tags?post=70676"}],"curies":[{"name":"wp","href":"https:\/\/api.w.org\/{rel}","templated":true}]}}