{"id":70679,"date":"2018-07-13T14:14:20","date_gmt":"2018-07-13T12:14:20","guid":{"rendered":"http:\/\/www.tucomarca.com\/wordpress\/segunda\/?p=70679"},"modified":"2018-07-13T14:14:20","modified_gmt":"2018-07-13T12:14:20","slug":"el-pedrisco-causa-danos-en-4-000-hectareas-de-cultivo-en-la-costera-por-valor-de-65-millones","status":"publish","type":"post","link":"https:\/\/www.tucomarca.com\/wordpress\/segunda\/el-pedrisco-causa-danos-en-4-000-hectareas-de-cultivo-en-la-costera-por-valor-de-65-millones\/","title":{"rendered":"El pedrisco causa da\u00f1os en 4.000 hect\u00e1reas de cultivo en la Costera por valor de 6,5 millones"},"content":{"rendered":"<figure id=\"attachment_70680\" aria-describedby=\"caption-attachment-70680\" style=\"width: 290px\" class=\"wp-caption alignleft\"><img loading=\"lazy\" decoding=\"async\" class=\"size-thumbnail wp-image-70680\" src=\"https:\/\/www.tucomarca.com\/wordpress\/segunda\/wp-content\/uploads\/2018\/07\/Pedrisco-en-Montesa-ayer-290x290.jpg\" alt=\"El clima no est\u00e1 dando tregua a los agricultores valencianos durante este mes de julio\" width=\"290\" height=\"290\" srcset=\"https:\/\/www.tucomarca.com\/wordpress\/segunda\/wp-content\/uploads\/2018\/07\/Pedrisco-en-Montesa-ayer-290x290.jpg 290w, https:\/\/www.tucomarca.com\/wordpress\/segunda\/wp-content\/uploads\/2018\/07\/Pedrisco-en-Montesa-ayer-50x50.jpg 50w\" sizes=\"auto, (max-width: 290px) 100vw, 290px\" \/><figcaption id=\"caption-attachment-70680\" class=\"wp-caption-text\">El clima no est\u00e1 dando tregua a los agricultores valencianos durante este mes de julio<\/figcaption><\/figure>\n<p>El clima no est\u00e1 dando tregua a los agricultores valencianos durante este mes de julio. Si la semana pasada el pedrisco caus\u00f3 un verdadero desastre en la comarca de la Ribera, durante la tarde de ayer le correspondi\u00f3 a la comarca de la Costera engrosar la lista de zonas afectadas por las inclemencias meteorol\u00f3gicas. Efectivamente, una tormenta de granizo descarg\u00f3 con violencia en diversas \u00e1reas comprendidas entre los t\u00e9rminos municipales de Montesa, Vallada y Canals.<\/p>\n<p>En una primera estimaci\u00f3n realizada por los servicios t\u00e9cnicos de la Asociaci\u00f3n Valenciana de Agricultores (AVA-ASAJA) se aprecia que al menos 4.000 hect\u00e1reas de cultivo han sufrido los desastrosos efectos de la piedra. Los c\u00edtricos, sobre todo, los caquis, y tambi\u00e9n el olivar y el almendro, si bien en menor medida, son los principales damnificados. En concreto, las hect\u00e1reas de c\u00edtricos que han resultado da\u00f1adas se sit\u00faan en torno a las 2.800, mientras que en el caso del caqui la suma de terreno afectado se eleva a unas 500 hect\u00e1reas. Almendros y olivares se reparten el resto de esa superficie ya mencionada de unas 4.000 hect\u00e1reas que se han visto implicadas en el siniestro.<\/p>\n<p>La piedra lleg\u00f3 a alcanzar en determinadas \u00e1reas el tama\u00f1o de una pelota de golf, por lo que los niveles de afecci\u00f3n sobre los frutos provocados por su impacto son considerables, hasta el punto de que en no pocas explotaciones se da por perdida entre el 80% y el 90% de la cosecha de la futura campa\u00f1a. En otras zonas, sin embargo, los da\u00f1os oscilan entre el 30% y el 50% de la producci\u00f3n. Sea como fuere, las p\u00e9rdidas econ\u00f3micas derivadas de este \u00faltimo episodio de granizo no bajar\u00e1n de los 6,5 millones de euros en un c\u00e1lculo conservador cuya cuant\u00eda podr\u00eda incrementarse en los pr\u00f3ximos d\u00edas en funci\u00f3n de la evoluci\u00f3n de los cultivos afectados.<\/p>\n<p>A la vista de la situaci\u00f3n, AVA-ASAJA solicita a Agroseguro que agilice al m\u00e1ximo las peritaciones para que los agricultores puedan percibir cuanto antes las indemnizaciones establecidas, al tiempo que reclama a las distintas administraciones -cada una en el \u00e1mbito competencial que le corresponda-, que aprueben y pongan en marcha medidas tan necesarias como rebajas de m\u00f3dulos fiscales, exenci\u00f3n del IBI r\u00fastico, pr\u00e9stamos bonificados y condonaci\u00f3n de cuotas a la Seguridad Social.<\/p>\n","protected":false},"excerpt":{"rendered":"<div class=\"mh-excerpt\">El clima no est\u00e1 dando tregua a los agricultores valencianos durante este mes de julio. Si la semana pasada el pedrisco caus\u00f3 un verdadero desastre en la comarca de la Ribera, durante la tarde de <a class=\"mh-excerpt-more\" href=\"https:\/\/www.tucomarca.com\/wordpress\/segunda\/el-pedrisco-causa-danos-en-4-000-hectareas-de-cultivo-en-la-costera-por-valor-de-65-millones\/\" title=\"El pedrisco causa da\u00f1os en 4.000 hect\u00e1reas de cultivo en la Costera por valor de 6,5 millones\">[+] <\/a><\/div>\n","protected":false},"author":1,"featured_media":70680,"comment_status":"open","ping_status":"open","sticky":false,"template":"","format":"standard","meta":{"footnotes":""},"categories":[169,8,72,3],"tags":[],"class_list":{"0":"post-70679","1":"post","2":"type-post","3":"status-publish","4":"format-standard","5":"has-post-thumbnail","7":"category-agricultura-la-comarca","8":"category-la-comarca","9":"category-sin-categorizar","10":"category-seccion"},"_links":{"self":[{"href":"https:\/\/www.tucomarca.com\/wordpress\/segunda\/wp-json\/wp\/v2\/posts\/70679","targetHints":{"allow":["GET"]}}],"collection":[{"href":"https:\/\/www.tucomarca.com\/wordpress\/segunda\/wp-json\/wp\/v2\/posts"}],"about":[{"href":"https:\/\/www.tucomarca.com\/wordpress\/segunda\/wp-json\/wp\/v2\/types\/post"}],"author":[{"embeddable":true,"href":"https:\/\/www.tucomarca.com\/wordpress\/segunda\/wp-json\/wp\/v2\/users\/1"}],"replies":[{"embeddable":true,"href":"https:\/\/www.tucomarca.com\/wordpress\/segunda\/wp-json\/wp\/v2\/comments?post=70679"}],"version-history":[{"count":0,"href":"https:\/\/www.tucomarca.com\/wordpress\/segunda\/wp-json\/wp\/v2\/posts\/70679\/revisions"}],"wp:featuredmedia":[{"embeddable":true,"href":"https:\/\/www.tucomarca.com\/wordpress\/segunda\/wp-json\/wp\/v2\/media\/70680"}],"wp:attachment":[{"href":"https:\/\/www.tucomarca.com\/wordpress\/segunda\/wp-json\/wp\/v2\/media?parent=70679"}],"wp:term":[{"taxonomy":"category","embeddable":true,"href":"https:\/\/www.tucomarca.com\/wordpress\/segunda\/wp-json\/wp\/v2\/categories?post=70679"},{"taxonomy":"post_tag","embeddable":true,"href":"https:\/\/www.tucomarca.com\/wordpress\/segunda\/wp-json\/wp\/v2\/tags?post=70679"}],"curies":[{"name":"wp","href":"https:\/\/api.w.org\/{rel}","templated":true}]}}