{"id":70693,"date":"2018-07-15T11:56:33","date_gmt":"2018-07-15T09:56:33","guid":{"rendered":"http:\/\/www.tucomarca.com\/wordpress\/segunda\/?p=70693"},"modified":"2018-07-15T11:56:33","modified_gmt":"2018-07-15T09:56:33","slug":"maria-josep-amigo-assumeix-la-presidencia-de-la-diputacio-fins-la-presa-de-possessio-del-proxim-dimarts","status":"publish","type":"post","link":"https:\/\/www.tucomarca.com\/wordpress\/segunda\/maria-josep-amigo-assumeix-la-presidencia-de-la-diputacio-fins-la-presa-de-possessio-del-proxim-dimarts\/","title":{"rendered":"Maria Josep Amig\u00f3 assumeix la presid\u00e8ncia de la Diputaci\u00f3 fins la presa de possessi\u00f3 del pr\u00f2xim dimarts"},"content":{"rendered":"<figure id=\"attachment_70694\" aria-describedby=\"caption-attachment-70694\" style=\"width: 290px\" class=\"wp-caption alignleft\"><img loading=\"lazy\" decoding=\"async\" class=\"size-thumbnail wp-image-70694\" src=\"https:\/\/www.tucomarca.com\/wordpress\/segunda\/wp-content\/uploads\/2018\/07\/Amigo-290x290.jpg\" alt=\"La corporaci\u00f3 provincial ha celebrat una sessi\u00f3 plen\u00e0ria extraordin\u00e0ria on s\u2019ha acceptat la ren\u00fancia de l\u2019expresident Jorge Rodr\u00edguez.\" width=\"290\" height=\"290\" srcset=\"https:\/\/www.tucomarca.com\/wordpress\/segunda\/wp-content\/uploads\/2018\/07\/Amigo-290x290.jpg 290w, https:\/\/www.tucomarca.com\/wordpress\/segunda\/wp-content\/uploads\/2018\/07\/Amigo-50x50.jpg 50w\" sizes=\"auto, (max-width: 290px) 100vw, 290px\" \/><figcaption id=\"caption-attachment-70694\" class=\"wp-caption-text\">La corporaci\u00f3 provincial ha celebrat una sessi\u00f3 plen\u00e0ria extraordin\u00e0ria on s\u2019ha acceptat la ren\u00fancia de l\u2019expresident Jorge Rodr\u00edguez.<\/figcaption><\/figure>\n<p>La Diputaci\u00f3 de Val\u00e8ncia ha celebrat una sessi\u00f3 plen\u00e0ria extraordin\u00e0ria en la que s\u2019ha acceptat la ren\u00fancia de Jorge Rodr\u00edguez com a diputat provincial i cap de la corporaci\u00f3. La vicepresidenta Maria Josep Amig\u00f3 assumir\u00e0 la presid\u00e8ncia de la instituci\u00f3 fins el proper plenari del dimarts 17 de juliol, quan es nomenar\u00e0 el nou president acordat per tots els membres de l\u2019equip de govern i tindr\u00e0 lloc la presa de possessi\u00f3 del nou diputat o diputada.<\/p>\n<p>La presidenta de la Diputaci\u00f3 ha tancat la sessi\u00f3 i ha afirmat que \u201cno oblidem que, per moltes coses que diguem ac\u00ed, el m\u00e9s important no s\u00f3n les paraules, sin\u00f3 els fets, i la feina que cada dia es fa als nostres pobles i ciutats, treball que tornar\u00e0 finalment la dignitat a les nostres institucions, sempre amb la certesa que el temps posa a cadasc\u00fa al seu lloc\u201d.<\/p>\n<p>En acabar la sessi\u00f3, Maria Josep Amig\u00f3 ha afegit que \u201ccontinuarem amb el gran treball que s\u2019ha realitzat des del 2015 a la nova Diputaci\u00f3. S\u2019han dut a terme canvis molt importants, i seguirem treballant amb el comprom\u00eds ferm per potenciar l\u2019autonomia dels municipis\u201d.<\/p>\n","protected":false},"excerpt":{"rendered":"<div class=\"mh-excerpt\">La Diputaci\u00f3 de Val\u00e8ncia ha celebrat una sessi\u00f3 plen\u00e0ria extraordin\u00e0ria en la que s\u2019ha acceptat la ren\u00fancia de Jorge Rodr\u00edguez com a diputat provincial i cap de la corporaci\u00f3. La vicepresidenta Maria Josep Amig\u00f3 assumir\u00e0 <a class=\"mh-excerpt-more\" href=\"https:\/\/www.tucomarca.com\/wordpress\/segunda\/maria-josep-amigo-assumeix-la-presidencia-de-la-diputacio-fins-la-presa-de-possessio-del-proxim-dimarts\/\" title=\"Maria Josep Amig\u00f3 assumeix la presid\u00e8ncia de la Diputaci\u00f3 fins la presa de possessi\u00f3 del pr\u00f2xim dimarts\">[+] <\/a><\/div>\n","protected":false},"author":1,"featured_media":70694,"comment_status":"open","ping_status":"open","sticky":false,"template":"","format":"standard","meta":{"footnotes":""},"categories":[128,8,142,45],"tags":[204],"class_list":{"0":"post-70693","1":"post","2":"type-post","3":"status-publish","4":"format-standard","5":"has-post-thumbnail","7":"category-infraestructuras","8":"category-la-comarca","9":"category-politica-la-comarca","10":"category-ventana","11":"tag-diputacion"},"_links":{"self":[{"href":"https:\/\/www.tucomarca.com\/wordpress\/segunda\/wp-json\/wp\/v2\/posts\/70693","targetHints":{"allow":["GET"]}}],"collection":[{"href":"https:\/\/www.tucomarca.com\/wordpress\/segunda\/wp-json\/wp\/v2\/posts"}],"about":[{"href":"https:\/\/www.tucomarca.com\/wordpress\/segunda\/wp-json\/wp\/v2\/types\/post"}],"author":[{"embeddable":true,"href":"https:\/\/www.tucomarca.com\/wordpress\/segunda\/wp-json\/wp\/v2\/users\/1"}],"replies":[{"embeddable":true,"href":"https:\/\/www.tucomarca.com\/wordpress\/segunda\/wp-json\/wp\/v2\/comments?post=70693"}],"version-history":[{"count":0,"href":"https:\/\/www.tucomarca.com\/wordpress\/segunda\/wp-json\/wp\/v2\/posts\/70693\/revisions"}],"wp:featuredmedia":[{"embeddable":true,"href":"https:\/\/www.tucomarca.com\/wordpress\/segunda\/wp-json\/wp\/v2\/media\/70694"}],"wp:attachment":[{"href":"https:\/\/www.tucomarca.com\/wordpress\/segunda\/wp-json\/wp\/v2\/media?parent=70693"}],"wp:term":[{"taxonomy":"category","embeddable":true,"href":"https:\/\/www.tucomarca.com\/wordpress\/segunda\/wp-json\/wp\/v2\/categories?post=70693"},{"taxonomy":"post_tag","embeddable":true,"href":"https:\/\/www.tucomarca.com\/wordpress\/segunda\/wp-json\/wp\/v2\/tags?post=70693"}],"curies":[{"name":"wp","href":"https:\/\/api.w.org\/{rel}","templated":true}]}}