{"id":70711,"date":"2018-07-20T19:42:06","date_gmt":"2018-07-20T17:42:06","guid":{"rendered":"http:\/\/www.tucomarca.com\/wordpress\/segunda\/?p=70711"},"modified":"2018-07-30T04:34:43","modified_gmt":"2018-07-30T02:34:43","slug":"els-nous-ifs-de-la-diputacio-destinen-mes-d12-milions-deuros-als-municipis-de-la-foia-de-bunyol-xiva","status":"publish","type":"post","link":"https:\/\/www.tucomarca.com\/wordpress\/segunda\/els-nous-ifs-de-la-diputacio-destinen-mes-d12-milions-deuros-als-municipis-de-la-foia-de-bunyol-xiva\/","title":{"rendered":"Els nous IFS de la Diputaci\u00f3 destinen m\u00e9s d\u20191,2 milions d\u2019euros als municipis de la Foia de Bunyol-Xiva"},"content":{"rendered":"<p>La Diputaci\u00f3 de Val\u00e8ncia ha aprovat una nova convocat\u00f2ria del pla d&#8217;Inversions Financerament Sostenibles (IFS), el quart des que es va iniciar la legislatura. En aquesta ocasi\u00f3, els 9 municipis de\u00a0La Foia de Bunyol-Xiva\u00a0isposaran de 1.236.794,70 euros per a millorar espais i serveis p\u00fablics en actuacions que hauran d&#8217;executar-se abans del 31 de desembre de 2019, i que podran finan\u00e7ar obres ja realitzades des de l&#8217;1 de gener d&#8217;enguany.<\/p>\n<p>La quantia de les ajudes abasta des dels 91.913,73 euros de Macastre fins als 202.383,49 euros per al municipi de Xiva, passant per els 181.119,95 euros de Bu\u00f1ol o els 149.269,72 euros per al municipi de Y\u00e1tova.<\/p>\n<p>La presidenta en funcions, Maria Josep Amig\u00f3, ha assegurat que \u201ctres anys despr\u00e9s del canvi pol\u00edtic, aquesta corporaci\u00f3 ha consolidat una nova forma de governar, basada en la just\u00edcia en el repartiment dels recursos, la col\u00b7laboraci\u00f3 amb la Generalitat, la gesti\u00f3 efica\u00e7 que fomenta l&#8217;autonomia municipal i la fi del clientelisme\u201d.<\/p>\n<p>A m\u00e9s, Amig\u00f3 ha afirmat que aquests plans \u201cserveixen per a pal\u00b7liar el d\u00e8ficit de finan\u00e7ament dels nostres pobles i ciutats, que ha impossibilitat en molts casos la prestaci\u00f3 de serveis b\u00e0sics de qualitat\u201d.<\/p>\n<p>Per la seua banda, el diputat de Cooperaci\u00f3, Emili Altur, ha assenyalat que els ajuntaments \u201ctenen pr\u00e0cticament llibertat absoluta per a decidir en quines obres s&#8217;inverteix els diners\u201d, amb un cat\u00e0leg que abasta des de la millora de xarxes de prove\u00efment d&#8217;aigua i clavegueram fins a la renovaci\u00f3 d&#8217;instal\u00b7lacions esportives, passant per recollida i tractament de residus, energia, il\u00b7luminaci\u00f3 p\u00fablica, gesti\u00f3 del coneixement, promoci\u00f3 tur\u00edstica, comer\u00e7, parcs i jardins, ordenaci\u00f3 del tr\u00e0fic, equipaments culturals, carreteres i camins, protecci\u00f3 del patrimoni i intervenci\u00f3 en col\u00b7legis d&#8217;Infantil i Prim\u00e0ria.<\/p>\n<p>Respecte als criteris de repartiment d&#8217;aquestes ajudes, tant per a la Foia\u00a0com per a la resta de comarques, Altur ha explicat que \u201cel 34% es concedeix pel valor marginal, o el que \u00e9s el mateix la mera exist\u00e8ncia com a municipi, el 30% en funci\u00f3 de la poblaci\u00f3, el 10% segons la superf\u00edcie i un altre tant en funci\u00f3 del nombre d&#8217;aturats registrat, i altres par\u00e0metres com el cost dels serveis, l&#8217;exist\u00e8ncia de nuclis hist\u00f2rics o l&#8217;adhesi\u00f3 al Pacte d&#8217;Alcaldies, que mesura la implicaci\u00f3 de cada municipi amb el medi ambient\u201d.<\/p>\n<p><strong>M\u00e9s de 140 milions d\u2019euros<\/strong><\/p>\n<p>Amb aquest nou IFS, que es perllongar\u00e0 fins al final de la legislatura, la Diputaci\u00f3 ha invertit en les comarques valencianes 140 milions d&#8217;euros des de 2015, en el marc d&#8217;un pla que ha sigut valorat amb un 9,1 sobre 10 pels alcaldes i alcaldesses, en l&#8217;enquesta recentment publicada per la corporaci\u00f3.<\/p>\n<p>Els 266 municipis de la prov\u00edncia rebran fons d&#8217;aquest programa, que destina 33 milions d&#8217;euros als 261 municipis de menys de 50.000 habitants i 2 milions d&#8217;euros als quatre municipis de m\u00e9s de 50.000 i els pobles de Val\u00e8ncia ciutat, que abans es coneixien com a pedanies.<\/p>\n","protected":false},"excerpt":{"rendered":"<div class=\"mh-excerpt\">La Diputaci\u00f3 de Val\u00e8ncia ha aprovat una nova convocat\u00f2ria del pla d&#8217;Inversions Financerament Sostenibles (IFS), el quart des que es va iniciar la legislatura. En aquesta ocasi\u00f3, els 9 municipis de\u00a0La Foia de Bunyol-Xiva\u00a0isposaran de <a class=\"mh-excerpt-more\" href=\"https:\/\/www.tucomarca.com\/wordpress\/segunda\/els-nous-ifs-de-la-diputacio-destinen-mes-d12-milions-deuros-als-municipis-de-la-foia-de-bunyol-xiva\/\" title=\"Els nous IFS de la Diputaci\u00f3 destinen m\u00e9s d\u20191,2 milions d\u2019euros als municipis de la Foia de Bunyol-Xiva\">[+] <\/a><\/div>\n","protected":false},"author":1,"featured_media":67443,"comment_status":"open","ping_status":"open","sticky":false,"template":"","format":"standard","meta":{"footnotes":""},"categories":[19,18,17,16,15,14,128,8,72,10,13,142,3,12,45,11],"tags":[204,5952],"class_list":{"0":"post-70711","1":"post","2":"type-post","3":"status-publish","4":"format-standard","5":"has-post-thumbnail","7":"category-alborache","8":"category-bunol","9":"category-cheste","10":"category-chiva","11":"category-dos-aguas","12":"category-godelleta","13":"category-infraestructuras","14":"category-la-comarca","15":"category-sin-categorizar","16":"category-la-hoya","17":"category-macastre","18":"category-politica-la-comarca","19":"category-seccion","20":"category-siete-aguas","21":"category-ventana","22":"category-yatova","23":"tag-diputacion","24":"tag-la-hoya-de-bunol-chiva"},"_links":{"self":[{"href":"https:\/\/www.tucomarca.com\/wordpress\/segunda\/wp-json\/wp\/v2\/posts\/70711","targetHints":{"allow":["GET"]}}],"collection":[{"href":"https:\/\/www.tucomarca.com\/wordpress\/segunda\/wp-json\/wp\/v2\/posts"}],"about":[{"href":"https:\/\/www.tucomarca.com\/wordpress\/segunda\/wp-json\/wp\/v2\/types\/post"}],"author":[{"embeddable":true,"href":"https:\/\/www.tucomarca.com\/wordpress\/segunda\/wp-json\/wp\/v2\/users\/1"}],"replies":[{"embeddable":true,"href":"https:\/\/www.tucomarca.com\/wordpress\/segunda\/wp-json\/wp\/v2\/comments?post=70711"}],"version-history":[{"count":0,"href":"https:\/\/www.tucomarca.com\/wordpress\/segunda\/wp-json\/wp\/v2\/posts\/70711\/revisions"}],"wp:featuredmedia":[{"embeddable":true,"href":"https:\/\/www.tucomarca.com\/wordpress\/segunda\/wp-json\/wp\/v2\/media\/67443"}],"wp:attachment":[{"href":"https:\/\/www.tucomarca.com\/wordpress\/segunda\/wp-json\/wp\/v2\/media?parent=70711"}],"wp:term":[{"taxonomy":"category","embeddable":true,"href":"https:\/\/www.tucomarca.com\/wordpress\/segunda\/wp-json\/wp\/v2\/categories?post=70711"},{"taxonomy":"post_tag","embeddable":true,"href":"https:\/\/www.tucomarca.com\/wordpress\/segunda\/wp-json\/wp\/v2\/tags?post=70711"}],"curies":[{"name":"wp","href":"https:\/\/api.w.org\/{rel}","templated":true}]}}