{"id":70719,"date":"2018-07-17T12:57:38","date_gmt":"2018-07-17T10:57:38","guid":{"rendered":"http:\/\/www.tucomarca.com\/wordpress\/segunda\/?p=70719"},"modified":"2018-07-17T12:57:38","modified_gmt":"2018-07-17T10:57:38","slug":"sandra-cifre-sancho-comenca-un-estiu-molt-especial-com-regina-de-les-festes-de-turis","status":"publish","type":"post","link":"https:\/\/www.tucomarca.com\/wordpress\/segunda\/sandra-cifre-sancho-comenca-un-estiu-molt-especial-com-regina-de-les-festes-de-turis\/","title":{"rendered":"Sandra Cifre Sancho comen\u00e7a un estiu molt especial com Regina de les Festes de Tur\u00eds"},"content":{"rendered":"<figure id=\"attachment_70720\" aria-describedby=\"caption-attachment-70720\" style=\"width: 290px\" class=\"wp-caption alignleft\"><img loading=\"lazy\" decoding=\"async\" class=\"size-thumbnail wp-image-70720\" src=\"https:\/\/www.tucomarca.com\/wordpress\/segunda\/wp-content\/uploads\/2018\/07\/IMG_0261-1-290x290.jpg\" alt=\"Sandra Cifre Sancho va ser la protagonista absoluta de la nit encetant un regnat que li far\u00e0 viure un estiu molt especial\" width=\"290\" height=\"290\" srcset=\"https:\/\/www.tucomarca.com\/wordpress\/segunda\/wp-content\/uploads\/2018\/07\/IMG_0261-1-290x290.jpg 290w, https:\/\/www.tucomarca.com\/wordpress\/segunda\/wp-content\/uploads\/2018\/07\/IMG_0261-1-50x50.jpg 50w\" sizes=\"auto, (max-width: 290px) 100vw, 290px\" \/><figcaption id=\"caption-attachment-70720\" class=\"wp-caption-text\">Sandra Cifre Sancho va ser la protagonista absoluta de la nit encetant un regnat que li far\u00e0 viure un estiu molt especial<\/figcaption><\/figure>\n<p class=\"x_MsoNormal\"><span lang=\"CA\">En Tur\u00eds, quan a mitan de juliol una cercavila transcorre un dissabte a la nit \u00e9s signe inequ\u00edvoc que la festa ja s\u2019apropa. \u00c9s, sense dubte, la nit de la solemne exaltaci\u00f3 de la Regina de les Festes i de la seua Cort d\u2019Honor, la nit on la poblaci\u00f3 enceta d\u2019alguna manera les seues festes que a partir del 9 d\u2019agost i fins al 19 es desenvoluparan d\u2019una manera vertiginosa.<\/span><\/p>\n<p class=\"x_MsoNormal\"><span lang=\"CA\">Sandra Cifre Sancho va ser la protagonista absoluta de la nit encetant un regnat que li far\u00e0 viure un estiu molt especial. Amb un somriure constant al rostre, va rebre la banda de mans de la seua antecessora, Andrea Nogueroles, que es va acomiadar amb molta emoci\u00f3 del seu regnat.<\/span><\/p>\n<p class=\"x_MsoNormal\"><span lang=\"CA\">Com a m\u00e0xima autoritat del poble, l\u2019Alcalde Eugenio Forta\u00f1a fou l\u2019encarregat de coronar-la com a regina mentre el regidor de Festes, Ismael Corell, li impos\u00e0 la ins\u00edgnia d\u2019or del consistori. Un protocol perfectament complit que es remat\u00e0 amb focs d\u2019artifici.<\/span><\/p>\n<p class=\"x_MsoNormal\"><span lang=\"CA\">Ja amb l\u2019escenari complet, Sandra escolt\u00e0 les tendres i afectuoses paraules d\u2019Anna A\u00f1\u00f3n i Mar\u00eda Mart\u00ednez que foren el primer regal de la vetlada al que seguiren els de les entitats i associacions del poble. <\/span><\/p>\n<p class=\"x_MsoNormal\"><span lang=\"CA\">La gala, presentada per Vicente Ru\u00edz \u201cEl Soro\u201d i Eva Rogel, finalitz\u00e0 amb l\u2019actuaci\u00f3 de Divinas i el seu repertori de m\u00fasica cl\u00e0ssica i pop.<\/span><\/p>\n<p class=\"x_MsoNormal\">\n","protected":false},"excerpt":{"rendered":"<div class=\"mh-excerpt\">En Tur\u00eds, quan a mitan de juliol una cercavila transcorre un dissabte a la nit \u00e9s signe inequ\u00edvoc que la festa ja s\u2019apropa. \u00c9s, sense dubte, la nit de la solemne exaltaci\u00f3 de la Regina <a class=\"mh-excerpt-more\" href=\"https:\/\/www.tucomarca.com\/wordpress\/segunda\/sandra-cifre-sancho-comenca-un-estiu-molt-especial-com-regina-de-les-festes-de-turis\/\" title=\"Sandra Cifre Sancho comen\u00e7a un estiu molt especial com Regina de les Festes de Tur\u00eds\">[+] <\/a><\/div>\n","protected":false},"author":1,"featured_media":70720,"comment_status":"open","ping_status":"open","sticky":false,"template":"","format":"standard","meta":{"footnotes":""},"categories":[8,42,5,383,3,43],"tags":[3640,10394],"class_list":{"0":"post-70719","1":"post","2":"type-post","3":"status-publish","4":"format-standard","5":"has-post-thumbnail","7":"category-la-comarca","8":"category-la-ribera","9":"category-la-semana-en-imagenes","10":"category-pueblos-en-fiestas","11":"category-seccion","12":"category-turis","13":"tag-la-ribera-alta","14":"tag-turis"},"_links":{"self":[{"href":"https:\/\/www.tucomarca.com\/wordpress\/segunda\/wp-json\/wp\/v2\/posts\/70719","targetHints":{"allow":["GET"]}}],"collection":[{"href":"https:\/\/www.tucomarca.com\/wordpress\/segunda\/wp-json\/wp\/v2\/posts"}],"about":[{"href":"https:\/\/www.tucomarca.com\/wordpress\/segunda\/wp-json\/wp\/v2\/types\/post"}],"author":[{"embeddable":true,"href":"https:\/\/www.tucomarca.com\/wordpress\/segunda\/wp-json\/wp\/v2\/users\/1"}],"replies":[{"embeddable":true,"href":"https:\/\/www.tucomarca.com\/wordpress\/segunda\/wp-json\/wp\/v2\/comments?post=70719"}],"version-history":[{"count":0,"href":"https:\/\/www.tucomarca.com\/wordpress\/segunda\/wp-json\/wp\/v2\/posts\/70719\/revisions"}],"wp:featuredmedia":[{"embeddable":true,"href":"https:\/\/www.tucomarca.com\/wordpress\/segunda\/wp-json\/wp\/v2\/media\/70720"}],"wp:attachment":[{"href":"https:\/\/www.tucomarca.com\/wordpress\/segunda\/wp-json\/wp\/v2\/media?parent=70719"}],"wp:term":[{"taxonomy":"category","embeddable":true,"href":"https:\/\/www.tucomarca.com\/wordpress\/segunda\/wp-json\/wp\/v2\/categories?post=70719"},{"taxonomy":"post_tag","embeddable":true,"href":"https:\/\/www.tucomarca.com\/wordpress\/segunda\/wp-json\/wp\/v2\/tags?post=70719"}],"curies":[{"name":"wp","href":"https:\/\/api.w.org\/{rel}","templated":true}]}}