{"id":70739,"date":"2018-07-17T22:03:52","date_gmt":"2018-07-17T20:03:52","guid":{"rendered":"http:\/\/www.tucomarca.com\/wordpress\/segunda\/?p=70739"},"modified":"2018-07-17T22:03:52","modified_gmt":"2018-07-17T20:03:52","slug":"toni-gaspar-toma-posesion-del-cargo-de-presidente-de-la-diputacio-de-valencia","status":"publish","type":"post","link":"https:\/\/www.tucomarca.com\/wordpress\/segunda\/toni-gaspar-toma-posesion-del-cargo-de-presidente-de-la-diputacio-de-valencia\/","title":{"rendered":"Toni Gaspar toma posesi\u00f3n del cargo de presidente de la Diputaci\u00f3 de Val\u00e8ncia"},"content":{"rendered":"<figure id=\"attachment_70740\" aria-describedby=\"caption-attachment-70740\" style=\"width: 290px\" class=\"wp-caption alignleft\"><img loading=\"lazy\" decoding=\"async\" class=\"size-thumbnail wp-image-70740\" src=\"https:\/\/www.tucomarca.com\/wordpress\/segunda\/wp-content\/uploads\/2018\/07\/ToniGaspar-290x290.jpg\" alt=\"oma de posesi\u00f3n de Toni Gaspar como nuevo presidente de la Diputaci\u00f3n de Valencia.\" width=\"290\" height=\"290\" srcset=\"https:\/\/www.tucomarca.com\/wordpress\/segunda\/wp-content\/uploads\/2018\/07\/ToniGaspar-290x290.jpg 290w, https:\/\/www.tucomarca.com\/wordpress\/segunda\/wp-content\/uploads\/2018\/07\/ToniGaspar-50x50.jpg 50w\" sizes=\"auto, (max-width: 290px) 100vw, 290px\" \/><figcaption id=\"caption-attachment-70740\" class=\"wp-caption-text\">oma de posesi\u00f3n de Toni Gaspar como nuevo presidente de la Diputaci\u00f3n de Valencia.<\/figcaption><\/figure>\n<p>Toni Gaspar es desde este martes presidente de la Diputaci\u00f3 de Val\u00e8ncia, tras la celebraci\u00f3n de un pleno extraordinario en el que ha recibido los votos de los 17 diputados y diputadas que integran el equipo de gobierno provincial. Gaspar, vicepresidente segundo y responsable de Hacienda desde el inicio de la legislatura, ha reflexionado sobre el contexto pol\u00edtico general y la situaci\u00f3n de la Diputaci\u00f3 en particular, y ha apostado por \u201cacertar m\u00e1s que errar; escuchar m\u00e1s que hablar; y reconocer para poder rectificar\u201d.<\/p>\n<p>El tambi\u00e9n alcalde de Faura ha instado a \u201chacer pol\u00edtica con may\u00fasculas, que significa que todo lo que hace el adversario no est\u00e1 mal, trabajando a largo plazo para dejar las cosas mejor que las encontramos\u201d. Toni Gaspar no ha huido de los debates de actualidad y ha insistido en la idea de que \u201clas instituciones est\u00e1n al servicio de las personas\u201d. Esto conlleva que \u201cpueden cambiar, fusionarse, transformarse y hasta desaparecer para que aparezcan otras instituciones, lo que no debe asustar a nadie si estas decisiones se toman para modernizar y mejorar los servicios y la calidad de vida de las personas\u201d.<\/p>\n<p>Gaspar ha tomado posesi\u00f3n de su nuevo cargo ante el presidente de las Cortes Valencianas, Enric Morera; el delegado del Gobierno en la Comunitat, Juan Carlos Fulgencio; el conseller de Hacienda y Modelo Econ\u00f3mico, Vicent Soler; la presidenta del Consell Jur\u00eddic Consultiu, Margarita Soler; y el rector de la Universitat Polit\u00e8cnica, Francisco Mora, entre otras autoridades y decenas de alcaldes y alcaldesas que han seguido el pleno desde el Sal\u00f3n de Reinas de la corporaci\u00f3n.<\/p>\n<p>El nuevo presidente de la Diputaci\u00f3 ha agradecido a su antecesor, Jorge Rodr\u00edguez, el trabajo iniciado hace tres a\u00f1os, \u201ccon muchos aciertos, en opini\u00f3n de los alcaldes y alcaldesas\u201d, y tambi\u00e9n \u201csu decisi\u00f3n de apartarse para no entorpecer el funcionamiento de la instituci\u00f3n, una actitud que le honra y que no es muy habitual en estos escenarios\u201d. Toni Gaspar ha instado al equipo de gobierno a \u201cterminar el trabajo marcado en la hoja de ruta de hace tres a\u00f1os, limando y mejorando todo lo que sea necesario\u201d.<\/p>\n<p>El presidente ha considerado que \u201cla historia demuestra que la diferencia es esencial, y tambi\u00e9n la lucha, pero que los acuerdos son necesarios\u201d, lo que ha traducido en el consenso, \u201cuna palabra, un valor, una actitud que deber\u00eda estar grabada en las instituciones, buscando un presente y un futuro mejor para la gente a la que representamos\u201d.<\/p>\n<p>Por \u00faltimo, Toni Gaspar ha agradecido su esfuerzo a las trabajadoras y trabajadores de \u201cesta gran casa\u201d, a los que ha pedido \u201cseguir funcionando juntos para superar los obst\u00e1culos del camino\u201d. Los jefes de servicio de la Diputaci\u00f3 y los representantes sindicales del personal de la corporaci\u00f3n tambi\u00e9n han seguido esta sesi\u00f3n extraordinaria en el sal\u00f3n de plenos, invitados por el nuevo presidente.<\/p>\n<p><strong>Nueva diputada<\/strong><\/p>\n<p>El acta dejada por el ex presidente Jorge Rodr\u00edguez la ocupa a partir de este martes Rebeca Torr\u00f3, la diputada que completa el equipo de gobierno provincial de cara a este \u00faltimo a\u00f1o de legislatura. Torr\u00f3, primera teniente de alcalde de Ontinyent y ex directora general de Vivienda, cargo al que renunci\u00f3 para poder desempe\u00f1ar su responsabilidad en la Diputaci\u00f3, ha asegurado que llega a la corporaci\u00f3n para \u201cseguir el gran trabajo que mis compa\u00f1eros vienen realizando en esta instituci\u00f3n\u201d.<\/p>\n<p>Por parte del equipo de gobierno, los portavoces de los distintos grupos han mostrado su apoyo total al nuevo presidente y su implicaci\u00f3n para continuar una hoja de ruta valorada muy positivamente por los ayuntamientos de la provincia. En este sentido, Pablo Segu\u00ed ha destacado la gesti\u00f3n que Toni Gaspar ha hecho de los presupuestos durante estos a\u00f1os. \u201cSe ha demostrado que se puede administrar el dinero con rigor, sentido com\u00fan y sin despilfarros\u201d, ha manifestado Segu\u00ed, que ha insistido en que \u201cla autonom\u00eda municipal seguir\u00e1 siendo nuestra principal se\u00f1a de identidad\u201d.<\/p>\n<p>Para Xavi Rius, \u201cse ha puesto de manifiesto que se puede gestionar el dinero p\u00fablico mirando a las personas y el inter\u00e9s general\u201d, lo que conduce al equipo de gobierno provincial a \u201cseguir uniendo esfuerzos junto a la Generalitat para que los ayuntamientos no sufran tanto las carencias de la financiaci\u00f3n auton\u00f3mica\u201d.<\/p>\n<p>En la misma l\u00ednea se han expresado Rosa P\u00e9rez Garijo, que ha defendido que \u201capoyamos un gobierno de cambio para cambiar la Diputaci\u00f3 y lo estamos haciendo desde dentro\u201d; y Roberto Jaramillo, que ha se\u00f1alado que \u201cla visi\u00f3n p\u00fablica y social ha sido la gran bandera de este gobierno y as\u00ed debe seguir siendo\u201d. Mientras, desde los grupos de la oposici\u00f3n han felicitado al nuevo presidente y le han pedido que en su \u201cdif\u00edcil tarea\u201d pueda hacer frente y corregir \u201clos errores cometidos\u201d.<\/p>\n<p>Tras el pleno extraordinario y la foto del nuevo equipo de gobierno en la Escalera Imperial de la corporaci\u00f3n provincial, Toni Gaspar ha sido recibido en el Palau de la Generalitat por el presidente, Ximo Puig, que le ha deseado suerte en la etapa que Gaspar inicia como m\u00e1ximo responsable de la Diputaci\u00f3 de Val\u00e8ncia.<\/p>\n","protected":false},"excerpt":{"rendered":"<div class=\"mh-excerpt\">Toni Gaspar es desde este martes presidente de la Diputaci\u00f3 de Val\u00e8ncia, tras la celebraci\u00f3n de un pleno extraordinario en el que ha recibido los votos de los 17 diputados y diputadas que integran el <a class=\"mh-excerpt-more\" href=\"https:\/\/www.tucomarca.com\/wordpress\/segunda\/toni-gaspar-toma-posesion-del-cargo-de-presidente-de-la-diputacio-de-valencia\/\" title=\"Toni Gaspar toma posesi\u00f3n del cargo de presidente de la Diputaci\u00f3 de Val\u00e8ncia\">[+] <\/a><\/div>\n","protected":false},"author":1,"featured_media":70740,"comment_status":"open","ping_status":"open","sticky":false,"template":"","format":"standard","meta":{"footnotes":""},"categories":[128,8,142,3,45],"tags":[204],"class_list":{"0":"post-70739","1":"post","2":"type-post","3":"status-publish","4":"format-standard","5":"has-post-thumbnail","7":"category-infraestructuras","8":"category-la-comarca","9":"category-politica-la-comarca","10":"category-seccion","11":"category-ventana","12":"tag-diputacion"},"_links":{"self":[{"href":"https:\/\/www.tucomarca.com\/wordpress\/segunda\/wp-json\/wp\/v2\/posts\/70739","targetHints":{"allow":["GET"]}}],"collection":[{"href":"https:\/\/www.tucomarca.com\/wordpress\/segunda\/wp-json\/wp\/v2\/posts"}],"about":[{"href":"https:\/\/www.tucomarca.com\/wordpress\/segunda\/wp-json\/wp\/v2\/types\/post"}],"author":[{"embeddable":true,"href":"https:\/\/www.tucomarca.com\/wordpress\/segunda\/wp-json\/wp\/v2\/users\/1"}],"replies":[{"embeddable":true,"href":"https:\/\/www.tucomarca.com\/wordpress\/segunda\/wp-json\/wp\/v2\/comments?post=70739"}],"version-history":[{"count":0,"href":"https:\/\/www.tucomarca.com\/wordpress\/segunda\/wp-json\/wp\/v2\/posts\/70739\/revisions"}],"wp:featuredmedia":[{"embeddable":true,"href":"https:\/\/www.tucomarca.com\/wordpress\/segunda\/wp-json\/wp\/v2\/media\/70740"}],"wp:attachment":[{"href":"https:\/\/www.tucomarca.com\/wordpress\/segunda\/wp-json\/wp\/v2\/media?parent=70739"}],"wp:term":[{"taxonomy":"category","embeddable":true,"href":"https:\/\/www.tucomarca.com\/wordpress\/segunda\/wp-json\/wp\/v2\/categories?post=70739"},{"taxonomy":"post_tag","embeddable":true,"href":"https:\/\/www.tucomarca.com\/wordpress\/segunda\/wp-json\/wp\/v2\/tags?post=70739"}],"curies":[{"name":"wp","href":"https:\/\/api.w.org\/{rel}","templated":true}]}}