{"id":70742,"date":"2018-07-24T13:19:45","date_gmt":"2018-07-24T11:19:45","guid":{"rendered":"http:\/\/www.tucomarca.com\/wordpress\/segunda\/?p=70742"},"modified":"2018-07-24T13:19:45","modified_gmt":"2018-07-24T11:19:45","slug":"contelles-los-valencianos-no-merecen-un-gobierno-provincial-contaminado-por-la-presunta-corrupcion-de-pspv-y-compromis","status":"publish","type":"post","link":"https:\/\/www.tucomarca.com\/wordpress\/segunda\/contelles-los-valencianos-no-merecen-un-gobierno-provincial-contaminado-por-la-presunta-corrupcion-de-pspv-y-compromis\/","title":{"rendered":"Contelles: \u201cLos valencianos no merecen un gobierno provincial contaminado por la presunta corrupci\u00f3n de PSPV y Comprom\u00eds\u201d"},"content":{"rendered":"<p>La portavoz del Partido Popular en la Diputaci\u00f3n de Valencia, Mari Carmen Contelles, ha destacado que los valencianos \u201cno merecemos un gobierno provincial contaminado por la presunta corrupci\u00f3n de PSPV y Comprom\u00eds\u201d.<\/p>\n<p>Mari Carmen Contelles se ha pronunciado en estos t\u00e9rminos durante su intervenci\u00f3n en el pleno de investidura de Toni Gaspar como presidente de la Diputaci\u00f3n.<\/p>\n<p>Contelles ha planteado al nuevo presidente una serie de cuestiones que Gaspar no ha contestado: \u201c\u00bfAvala la legalidad de los contratos de alta direcci\u00f3n de Divalterra que se investigan en el marco de la Operaci\u00f3n Alquer\u00eda?, \u00bfconoc\u00eda la existencia de los informes que cuestionaban la legalidad de los mencionados contratos?\u201d, se ha preguntado la portavoz popular, quien ha recordado que como miembro del Consejo de Administraci\u00f3n de la empresa p\u00fablica, Gaspar vot\u00f3 a favor de dichos nombramientos.<\/p>\n<p>Asimismo, se ha referido al anuncio de cierre de Divalterra que avanz\u00f3 la semana pasada la vicepresidenta de la corporaci\u00f3n provincial, Mar\u00eda Jos\u00e9 Amig\u00f3. En este sentido, ha preguntado al nuevo presidente si est\u00e1 de acuerdo con el cierre la empresa \u201cporque parece que es el peaje que ha tenido que asumir para poder ser presidente de la Diputaci\u00f3n durante diez meses. Es el precio para amarrar sus despachos en esta instituci\u00f3n\u201d.<\/p>\n<p>En este sentido, ha incidido en que \u201clos 700 trabajadores de la empresa no pueden pagar las irregularidades que presuntamente han cometido algunos miembros del equipo de gobierno y los responsables nombrados por PSPV y Comprom\u00eds. Los trabajadores\u00a0no son los culpables. Son los damnificados. Damnificados por sus pol\u00edticas, sus decisiones, sus despilfarros\u00a0y sus enchufes\u201d.<\/p>\n<p>\u201cDivalterra no hay que cerrarla. Hay que reforzarla. Y para eso hay que apartar a quienes cometen irregularidades y gestionarla correctamente, porque realiza una funci\u00f3n muy importante para los municipios de la provincia de Valencia\u201d.<\/p>\n<p><strong><u>\u201cSu credibilidad est\u00e1 agotada\u201d<\/u><\/strong><\/p>\n<p>Mari Carmen Contelles ha cuestionado la credibilidad del gobierno que conforman PSPV, Comprom\u00eds, Esquerra Unida y Valencia en Com\u00fa: \u201cEst\u00e1 agotada\u201d, ha remarcado. \u201c10 meses antes de finalizar la legislatura y despu\u00e9s de\u00a0haber visto en el calabozo a su presidente y a sus m\u00e1s estrechos colaboradores, quienes controlaban los resortes del equipo de gobierno, no est\u00e1n\u00a0legitimados\u00a0para solicitar la confianza\u00a0de\u00a0nadie\u201d.<\/p>\n<p>\u201cAhora mismo lo \u00fanico leg\u00edtimo por su parte ser\u00eda\u00a0pedir perd\u00f3n a los valencianos y dejar paso\u00a0a una nueva etapa en la Diputaci\u00f3n de Valencia \u2013ha continuado-.\u00a0Esto no es una nueva oportunidad, es\u00a0prolongar un final irremediablemente cierto: los valencianos les volver\u00e1n a mandar a la oposici\u00f3n en unos meses\u201d.<\/p>\n<p>En este punto, la dirigente popular ha recordado que, adem\u00e1s de la instrucci\u00f3n bajo secreto de sumario del caso que deriv\u00f3 en la detenci\u00f3n de Jorge Rodr\u00edguez, la Audiencia Nacional y diversos juzgados de Madrid, Gandia o Benidorm investigan si los sobrecostes en la construcci\u00f3n de desaladoras, las campa\u00f1as del Ministerio de Vivienda en 2009, la adjudicaci\u00f3n de los opin\u00f3metros en Benidorm o un presunto fraude en subvenciones en la etapa de Orengo como alcalde de Gandia sirvieron para financiar ilegalmente al PSPV y a BLOC-Comprom\u00eds.<\/p>\n<p>\u201cEsta es su herencia. Esta es su gesti\u00f3n.\u00a0Este es su dopaje.\u00a0Esta es la gran decepci\u00f3n\u00a0y fracaso\u00a0que los valencianos no van a olvidar\u201d, ha concluido.<\/p>\n","protected":false},"excerpt":{"rendered":"<div class=\"mh-excerpt\">La portavoz del Partido Popular en la Diputaci\u00f3n de Valencia, Mari Carmen Contelles, ha destacado que los valencianos \u201cno merecemos un gobierno provincial contaminado por la presunta corrupci\u00f3n de PSPV y Comprom\u00eds\u201d. Mari Carmen Contelles <a class=\"mh-excerpt-more\" href=\"https:\/\/www.tucomarca.com\/wordpress\/segunda\/contelles-los-valencianos-no-merecen-un-gobierno-provincial-contaminado-por-la-presunta-corrupcion-de-pspv-y-compromis\/\" title=\"Contelles: \u201cLos valencianos no merecen un gobierno provincial contaminado por la presunta corrupci\u00f3n de PSPV y Comprom\u00eds\u201d\">[+] <\/a><\/div>\n","protected":false},"author":1,"featured_media":51347,"comment_status":"open","ping_status":"open","sticky":false,"template":"","format":"standard","meta":{"footnotes":""},"categories":[8,72,142,3],"tags":[1998],"class_list":{"0":"post-70742","1":"post","2":"type-post","3":"status-publish","4":"format-standard","5":"has-post-thumbnail","7":"category-la-comarca","8":"category-sin-categorizar","9":"category-politica-la-comarca","10":"category-seccion","11":"tag-contelles"},"_links":{"self":[{"href":"https:\/\/www.tucomarca.com\/wordpress\/segunda\/wp-json\/wp\/v2\/posts\/70742","targetHints":{"allow":["GET"]}}],"collection":[{"href":"https:\/\/www.tucomarca.com\/wordpress\/segunda\/wp-json\/wp\/v2\/posts"}],"about":[{"href":"https:\/\/www.tucomarca.com\/wordpress\/segunda\/wp-json\/wp\/v2\/types\/post"}],"author":[{"embeddable":true,"href":"https:\/\/www.tucomarca.com\/wordpress\/segunda\/wp-json\/wp\/v2\/users\/1"}],"replies":[{"embeddable":true,"href":"https:\/\/www.tucomarca.com\/wordpress\/segunda\/wp-json\/wp\/v2\/comments?post=70742"}],"version-history":[{"count":0,"href":"https:\/\/www.tucomarca.com\/wordpress\/segunda\/wp-json\/wp\/v2\/posts\/70742\/revisions"}],"wp:featuredmedia":[{"embeddable":true,"href":"https:\/\/www.tucomarca.com\/wordpress\/segunda\/wp-json\/wp\/v2\/media\/51347"}],"wp:attachment":[{"href":"https:\/\/www.tucomarca.com\/wordpress\/segunda\/wp-json\/wp\/v2\/media?parent=70742"}],"wp:term":[{"taxonomy":"category","embeddable":true,"href":"https:\/\/www.tucomarca.com\/wordpress\/segunda\/wp-json\/wp\/v2\/categories?post=70742"},{"taxonomy":"post_tag","embeddable":true,"href":"https:\/\/www.tucomarca.com\/wordpress\/segunda\/wp-json\/wp\/v2\/tags?post=70742"}],"curies":[{"name":"wp","href":"https:\/\/api.w.org\/{rel}","templated":true}]}}