{"id":70776,"date":"2018-07-20T20:22:30","date_gmt":"2018-07-20T18:22:30","guid":{"rendered":"http:\/\/www.tucomarca.com\/wordpress\/segunda\/?p=70776"},"modified":"2018-07-20T20:22:30","modified_gmt":"2018-07-20T18:22:30","slug":"la-guardia-civil-desmantela-un-laboratorio-clandestino-en-una-vivienda-de-la-localidad-de-alborache","status":"publish","type":"post","link":"https:\/\/www.tucomarca.com\/wordpress\/segunda\/la-guardia-civil-desmantela-un-laboratorio-clandestino-en-una-vivienda-de-la-localidad-de-alborache\/","title":{"rendered":"La Guardia Civil desmantela un laboratorio clandestino en una vivienda de la localidad de Alborache"},"content":{"rendered":"<figure id=\"attachment_70777\" aria-describedby=\"caption-attachment-70777\" style=\"width: 520px\" class=\"wp-caption alignleft\"><img loading=\"lazy\" decoding=\"async\" class=\" wp-image-70777\" src=\"https:\/\/www.tucomarca.com\/wordpress\/segunda\/wp-content\/uploads\/2018\/07\/Alborache.jpg\" alt=\"A ra\u00edz de detener a un var\u00f3n por un presunto delito de malos tratos en el \u00e1mbito familiar, se comprueba que en la vivienda del presunto autor existe un laboratorio clandestino.\" width=\"520\" height=\"344\" srcset=\"https:\/\/www.tucomarca.com\/wordpress\/segunda\/wp-content\/uploads\/2018\/07\/Alborache.jpg 3696w, https:\/\/www.tucomarca.com\/wordpress\/segunda\/wp-content\/uploads\/2018\/07\/Alborache-300x199.jpg 300w, https:\/\/www.tucomarca.com\/wordpress\/segunda\/wp-content\/uploads\/2018\/07\/Alborache-768x509.jpg 768w, https:\/\/www.tucomarca.com\/wordpress\/segunda\/wp-content\/uploads\/2018\/07\/Alborache-1024x678.jpg 1024w\" sizes=\"auto, (max-width: 520px) 100vw, 520px\" \/><figcaption id=\"caption-attachment-70777\" class=\"wp-caption-text\">A ra\u00edz de detener a un var\u00f3n por un presunto delito de malos tratos en el \u00e1mbito familiar, se comprueba que en la vivienda del presunto autor existe un laboratorio clandestino.<\/figcaption><\/figure>\n<p>La Guardia Civil ha interceptado<span class=\"Apple-converted-space\">\u00a0<\/span>un cultivo de marihuana indoor con 56 plantas en una vivienda de Alborache tras una denuncia de malos tratos interpuesta al due\u00f1o por su pareja, y procedi\u00f3 a la detenci\u00f3n de una persona por su implicaci\u00f3n en un delito contra la salud p\u00fablica de tr\u00e1fico de drogas y otro de malos tratos en el \u00e1mbito familiar.<\/p>\n<p>La Guardia Civil de Bu\u00f1ol inicio la operaci\u00f3n MAJOMA al objeto de desmantelar un posible cultivo de marihuana y detener a sus responsables tanto del cultivo de marihuana como el delito de malos tratos.<span class=\"Apple-converted-space\">\u00a0<\/span><\/p>\n<p>Una vez en el domicilio se descubri\u00f3 un cultivo de marihuana de 56 plantas en diferentes estados de crecimiento, adem\u00e1s de elementos t\u00e9cnicos para favorece el desarrollo y crecimiento del cultivo.<\/p>\n<p>Por todo eso se ha procedido a la detenci\u00f3n de un var\u00f3n de 39 a\u00f1os y de nacionalidad espa\u00f1ola por un delito contra la saludo p\u00fablica de tr\u00e1fico de drogas y otro de malos tratos en el \u00e1mbito familiar.<\/p>\n","protected":false},"excerpt":{"rendered":"<div class=\"mh-excerpt\">La Guardia Civil ha interceptado\u00a0un cultivo de marihuana indoor con 56 plantas en una vivienda de Alborache tras una denuncia de malos tratos interpuesta al due\u00f1o por su pareja, y procedi\u00f3 a la detenci\u00f3n de <a class=\"mh-excerpt-more\" href=\"https:\/\/www.tucomarca.com\/wordpress\/segunda\/la-guardia-civil-desmantela-un-laboratorio-clandestino-en-una-vivienda-de-la-localidad-de-alborache\/\" title=\"La Guardia Civil desmantela un laboratorio clandestino en una vivienda de la localidad de Alborache\">[+] <\/a><\/div>\n","protected":false},"author":1,"featured_media":70777,"comment_status":"open","ping_status":"open","sticky":false,"template":"","format":"standard","meta":{"footnotes":""},"categories":[19,128,8,10,3,116,45],"tags":[10386,5952],"class_list":{"0":"post-70776","1":"post","2":"type-post","3":"status-publish","4":"format-standard","5":"has-post-thumbnail","7":"category-alborache","8":"category-infraestructuras","9":"category-la-comarca","10":"category-la-hoya","11":"category-seccion","12":"category-sucesos-la-comarca","13":"category-ventana","14":"tag-alborache","15":"tag-la-hoya-de-bunol-chiva"},"_links":{"self":[{"href":"https:\/\/www.tucomarca.com\/wordpress\/segunda\/wp-json\/wp\/v2\/posts\/70776","targetHints":{"allow":["GET"]}}],"collection":[{"href":"https:\/\/www.tucomarca.com\/wordpress\/segunda\/wp-json\/wp\/v2\/posts"}],"about":[{"href":"https:\/\/www.tucomarca.com\/wordpress\/segunda\/wp-json\/wp\/v2\/types\/post"}],"author":[{"embeddable":true,"href":"https:\/\/www.tucomarca.com\/wordpress\/segunda\/wp-json\/wp\/v2\/users\/1"}],"replies":[{"embeddable":true,"href":"https:\/\/www.tucomarca.com\/wordpress\/segunda\/wp-json\/wp\/v2\/comments?post=70776"}],"version-history":[{"count":0,"href":"https:\/\/www.tucomarca.com\/wordpress\/segunda\/wp-json\/wp\/v2\/posts\/70776\/revisions"}],"wp:featuredmedia":[{"embeddable":true,"href":"https:\/\/www.tucomarca.com\/wordpress\/segunda\/wp-json\/wp\/v2\/media\/70777"}],"wp:attachment":[{"href":"https:\/\/www.tucomarca.com\/wordpress\/segunda\/wp-json\/wp\/v2\/media?parent=70776"}],"wp:term":[{"taxonomy":"category","embeddable":true,"href":"https:\/\/www.tucomarca.com\/wordpress\/segunda\/wp-json\/wp\/v2\/categories?post=70776"},{"taxonomy":"post_tag","embeddable":true,"href":"https:\/\/www.tucomarca.com\/wordpress\/segunda\/wp-json\/wp\/v2\/tags?post=70776"}],"curies":[{"name":"wp","href":"https:\/\/api.w.org\/{rel}","templated":true}]}}