{"id":70789,"date":"2018-07-24T13:22:19","date_gmt":"2018-07-24T11:22:19","guid":{"rendered":"http:\/\/www.tucomarca.com\/wordpress\/segunda\/?p=70789"},"modified":"2018-07-30T05:01:16","modified_gmt":"2018-07-30T03:01:16","slug":"la-diputacio-mejorara-el-drenaje-y-la-seguridad-vial-en-carreteras-de-la-vall-dalbaida-la-costera-la-canal-y-la-safor","status":"publish","type":"post","link":"https:\/\/www.tucomarca.com\/wordpress\/segunda\/la-diputacio-mejorara-el-drenaje-y-la-seguridad-vial-en-carreteras-de-la-vall-dalbaida-la-costera-la-canal-y-la-safor\/","title":{"rendered":"La Diputaci\u00f3 mejorar\u00e1 el drenaje y la seguridad vial en carreteras de La Vall d\u2019Albaida, La Costera, La Canal y La Safor"},"content":{"rendered":"<figure id=\"attachment_70790\" aria-describedby=\"caption-attachment-70790\" style=\"width: 392px\" class=\"wp-caption alignleft\"><img loading=\"lazy\" decoding=\"async\" class=\" wp-image-70790\" src=\"https:\/\/www.tucomarca.com\/wordpress\/segunda\/wp-content\/uploads\/2018\/07\/1-Cunetas-seguridad-en-CV-654-Fontanars.jpg\" alt=\"Con una inversi\u00f3n de 1,5 millones de euros, se actuar\u00e1 en decenas de v\u00edas de estas comarcas con especial incidencia en la mejora de cunetas, puentes y se\u00f1alizaci\u00f3n\" width=\"392\" height=\"294\" srcset=\"https:\/\/www.tucomarca.com\/wordpress\/segunda\/wp-content\/uploads\/2018\/07\/1-Cunetas-seguridad-en-CV-654-Fontanars.jpg 1600w, https:\/\/www.tucomarca.com\/wordpress\/segunda\/wp-content\/uploads\/2018\/07\/1-Cunetas-seguridad-en-CV-654-Fontanars-300x225.jpg 300w, https:\/\/www.tucomarca.com\/wordpress\/segunda\/wp-content\/uploads\/2018\/07\/1-Cunetas-seguridad-en-CV-654-Fontanars-768x576.jpg 768w, https:\/\/www.tucomarca.com\/wordpress\/segunda\/wp-content\/uploads\/2018\/07\/1-Cunetas-seguridad-en-CV-654-Fontanars-1024x768.jpg 1024w\" sizes=\"auto, (max-width: 392px) 100vw, 392px\" \/><figcaption id=\"caption-attachment-70790\" class=\"wp-caption-text\">Con una inversi\u00f3n de 1,5 millones de euros, se actuar\u00e1 en decenas de v\u00edas de estas comarcas con especial incidencia en la mejora de cunetas, puentes y se\u00f1alizaci\u00f3n<\/figcaption><\/figure>\n<p>La Diputaci\u00f3 de Val\u00e8ncia, a trav\u00e9s del \u00e1rea de Carreteras, invertir\u00e1 un total de 1.503.783 euros en la mejora de la seguridad en varias v\u00edas de la demarcaci\u00f3n de L\u2019Alcudia (AC-581). La inversi\u00f3n se materializar\u00e1 en peque\u00f1as actuaciones distribuidas a lo largo de las comarcas de La Costera, La Canal de Navarr\u00e9s, La Vall d\u2019Albaida y La Safor, e incluir\u00e1 mejoras en sistemas de drenaje, sistemas de contenci\u00f3n, actuaciones en glorietas urbanas, se\u00f1alizaci\u00f3n vertical y juntas de puentes, entre otras.<\/p>\n<p>Las obras dieron comienzo el pasado lunes 18 de junio y tienen un plazo de ejecuci\u00f3n de 10 meses. Por el momento, se han ejecutado las actuaciones correspondientes a la sustituci\u00f3n de juntas de puentes en las carreteras CV-555, en el punto kilom\u00e9trico (pk) 3+690 del r\u00edo Sellent; la CV-649, perteneciente al r\u00edo Canyoles en el pk 1+520; la CV-641 del FFCC Valencia-Alcoy en el pk 0+080; la CV-600 del r\u00edo Barxeta en el pk<span class=\"Apple-converted-space\">\u00a0 <\/span>8+150; la CV-611 del Barranco de la Xara en el pk 11+150 y finalmente la<span class=\"Apple-converted-space\">\u00a0 <\/span>CV-612 de la presa de Bell\u00fas en el pk 0+750. <span class=\"Apple-converted-space\">\u00a0<\/span><\/p>\n<p>Tambi\u00e9n se han iniciado las labores de urbanizaci\u00f3n de la traves\u00eda de Quesa y los accesos a su cementerio, pendiente tan solo de aglomerar y pintar. Las actuaciones que por el momento se han llevado a cabo han ido encaminadas a regular el aparcamiento en la carretera, ya que los carriles de circulaci\u00f3n se utilizaban como aparcamiento.<span class=\"Apple-converted-space\">\u00a0<\/span><\/p>\n<p>Otra de las actuaciones que est\u00e1 llevando a cabo el \u00e1rea provincial de Carreteras es la de la se\u00f1alizaci\u00f3n vertical de las v\u00edas, que puede estar obsoleta si tiene una antig\u00fcedad superior a diez a\u00f1os. Asimismo, existen otros puntos donde se complementa o sustituye esta se\u00f1alizaci\u00f3n vertical, como en la CV-657 de Fontanares; la CV-580 entre Bicorp y Millares; en la CV-608 entre Llutxent y Pinet; el tramo integral de la CV-680 entre Gandia, Almoines, Beniarj\u00f3, Benif\u00e1, Potries y Villalonga; y la renovaci\u00f3n de la carteler\u00eda de la CV-654 en Fontanares y la CV-600 entre Xativa, Llocnou d\u2019En Fenollet, Barxeta, Simat de la Valldigna y Benifair\u00f3 de la Valldigna<span class=\"Apple-converted-space\">\u00a0<\/span><\/p>\n<p>Finalmente, se est\u00e1 llevando a cabo la ejecuci\u00f3n de las cunetas de seguridad de la CV-654 en Fontanars dels Alforins, y en las pr\u00f3ximas semanas se acometer\u00e1 la intersecci\u00f3n de Moixent con Naval\u00f3n en la CV-589 y la intersecci\u00f3n del acceso de Navarr\u00e9s, en la CV-580.<span class=\"Apple-converted-space\">\u00a0<\/span><\/p>\n","protected":false},"excerpt":{"rendered":"<div class=\"mh-excerpt\">La Diputaci\u00f3 de Val\u00e8ncia, a trav\u00e9s del \u00e1rea de Carreteras, invertir\u00e1 un total de 1.503.783 euros en la mejora de la seguridad en varias v\u00edas de la demarcaci\u00f3n de L\u2019Alcudia (AC-581). La inversi\u00f3n se materializar\u00e1 <a class=\"mh-excerpt-more\" href=\"https:\/\/www.tucomarca.com\/wordpress\/segunda\/la-diputacio-mejorara-el-drenaje-y-la-seguridad-vial-en-carreteras-de-la-vall-dalbaida-la-costera-la-canal-y-la-safor\/\" title=\"La Diputaci\u00f3 mejorar\u00e1 el drenaje y la seguridad vial en carreteras de La Vall d\u2019Albaida, La Costera, La Canal y La Safor\">[+] <\/a><\/div>\n","protected":false},"author":1,"featured_media":70790,"comment_status":"open","ping_status":"open","sticky":false,"template":"","format":"standard","meta":{"footnotes":""},"categories":[128,70,8,72,142,3,45],"tags":[204,1452],"class_list":{"0":"post-70789","1":"post","2":"type-post","3":"status-publish","4":"format-standard","5":"has-post-thumbnail","7":"category-infraestructuras","8":"category-la-canal-de-navarres","9":"category-la-comarca","10":"category-sin-categorizar","11":"category-politica-la-comarca","12":"category-seccion","13":"category-ventana","14":"tag-diputacion","15":"tag-la-canal-de-navarres-2"},"_links":{"self":[{"href":"https:\/\/www.tucomarca.com\/wordpress\/segunda\/wp-json\/wp\/v2\/posts\/70789","targetHints":{"allow":["GET"]}}],"collection":[{"href":"https:\/\/www.tucomarca.com\/wordpress\/segunda\/wp-json\/wp\/v2\/posts"}],"about":[{"href":"https:\/\/www.tucomarca.com\/wordpress\/segunda\/wp-json\/wp\/v2\/types\/post"}],"author":[{"embeddable":true,"href":"https:\/\/www.tucomarca.com\/wordpress\/segunda\/wp-json\/wp\/v2\/users\/1"}],"replies":[{"embeddable":true,"href":"https:\/\/www.tucomarca.com\/wordpress\/segunda\/wp-json\/wp\/v2\/comments?post=70789"}],"version-history":[{"count":0,"href":"https:\/\/www.tucomarca.com\/wordpress\/segunda\/wp-json\/wp\/v2\/posts\/70789\/revisions"}],"wp:featuredmedia":[{"embeddable":true,"href":"https:\/\/www.tucomarca.com\/wordpress\/segunda\/wp-json\/wp\/v2\/media\/70790"}],"wp:attachment":[{"href":"https:\/\/www.tucomarca.com\/wordpress\/segunda\/wp-json\/wp\/v2\/media?parent=70789"}],"wp:term":[{"taxonomy":"category","embeddable":true,"href":"https:\/\/www.tucomarca.com\/wordpress\/segunda\/wp-json\/wp\/v2\/categories?post=70789"},{"taxonomy":"post_tag","embeddable":true,"href":"https:\/\/www.tucomarca.com\/wordpress\/segunda\/wp-json\/wp\/v2\/tags?post=70789"}],"curies":[{"name":"wp","href":"https:\/\/api.w.org\/{rel}","templated":true}]}}