{"id":7095,"date":"2012-09-07T14:31:48","date_gmt":"2012-09-07T12:31:48","guid":{"rendered":"http:\/\/www.tucomarca.com\/wordpress\/segunda\/?p=7095"},"modified":"2012-09-07T14:31:51","modified_gmt":"2012-09-07T12:31:51","slug":"chiva-se-viste-de-solemnidad-para-homenajear-a-su-patrona","status":"publish","type":"post","link":"https:\/\/www.tucomarca.com\/wordpress\/segunda\/chiva-se-viste-de-solemnidad-para-homenajear-a-su-patrona\/","title":{"rendered":"Chiva se viste de solemnidad para homenajear a su patrona"},"content":{"rendered":"<p><figure id=\"attachment_7096\" aria-describedby=\"caption-attachment-7096\" style=\"width: 224px\" class=\"wp-caption alignleft\"><a href=\"https:\/\/www.tucomarca.com\/wordpress\/segunda\/?attachment_id=7096\" rel=\"attachment wp-att-7096\"><img loading=\"lazy\" decoding=\"async\" src=\"https:\/\/www.tucomarca.com\/wordpress\/segunda\/wp-content\/uploads\/2012\/09\/DSC08881-224x300.jpg\" alt=\"\" title=\"DSC08881\" width=\"224\" height=\"300\" class=\"size-medium wp-image-7096\" srcset=\"https:\/\/www.tucomarca.com\/wordpress\/segunda\/wp-content\/uploads\/2012\/09\/DSC08881-224x300.jpg 224w, https:\/\/www.tucomarca.com\/wordpress\/segunda\/wp-content\/uploads\/2012\/09\/DSC08881-767x1024.jpg 767w, https:\/\/www.tucomarca.com\/wordpress\/segunda\/wp-content\/uploads\/2012\/09\/DSC08881.jpg 800w\" sizes=\"auto, (max-width: 224px) 100vw, 224px\" \/><\/a><figcaption id=\"caption-attachment-7096\" class=\"wp-caption-text\">La imagen de la patrona es una de las queridas en Chiva. tc.c<\/figcaption><\/figure>Las fiestas en honor a la Virgen del Castillo llegan a su punto \u00e1lgido. Este s\u00e1bado se celebrar\u00e1 la tradicional Procesi\u00f3n tras unos d\u00edas de intensa actividad festiva. Y es que, Chiva se encuentra inmersa en la celebraci\u00f3n de sus fiestas patronales; d\u00edas marcados por el sentimiento y la devoci\u00f3n compartida por todos los chivanos hacia la figura de nuestra Morenica, la Virgen del Castillo.<br \/>\nA\u00f1o tras a\u00f1o, los chivanos reafirman sus se\u00f1as de identidad y la esencia de todo un pueblo en unas fiestas multitudinarias caracterizadas por la amplia variedad de las actividades, donde exposiciones, verbenas, concurso de disfraces, actuaciones teatrales, musicales, etc\u2026 copan el protagonismo.<br \/>\nEl d\u00eda grande de las fiestas comenzar\u00e1 con una misa solemne cantada por la Coral Polif\u00f3nica Virgen del Castillo, a las 12 horas. A continuaci\u00f3n de la misma habr\u00e1 Fiesta de la Flor, cuya recaudaci\u00f3n ir\u00e1 destinada a fines ben\u00e9ficos. A las 14:30 una impresionante Masclet\u00e1 har\u00e1 las delicias de los chivanos.<br \/>\nPor la tarde, 20:45 horas, se celebrar\u00e1 la Solemne Procesi\u00f3n de Nuestra Sant\u00edsima Virgen del Castilla, en la que estar\u00e1 presente el Secretario Auton\u00f3mico de Turismo, Cultura y Deporte, Rafael Ripoll. El punto y final lo pondr\u00e1 un Castillo de Fuegos Artificiales a las 22 horas, y a las 00:30 una Verbena en la Plaza de la Constituci\u00f3n servir\u00e1 para poner el colof\u00f3n al d\u00eda de nuestra Patrona.<\/p>\n","protected":false},"excerpt":{"rendered":"<div class=\"mh-excerpt\">Las fiestas en honor a la Virgen del Castillo llegan a su punto \u00e1lgido. Este s\u00e1bado se celebrar\u00e1 la tradicional Procesi\u00f3n tras unos d\u00edas de intensa actividad festiva. Y es que, Chiva se encuentra inmersa <a class=\"mh-excerpt-more\" href=\"https:\/\/www.tucomarca.com\/wordpress\/segunda\/chiva-se-viste-de-solemnidad-para-homenajear-a-su-patrona\/\" title=\"Chiva se viste de solemnidad para homenajear a su patrona\">[+] <\/a><\/div>\n","protected":false},"author":2,"featured_media":7096,"comment_status":"open","ping_status":"open","sticky":false,"template":"","format":"standard","meta":{"footnotes":""},"categories":[16,10,7],"tags":[422],"class_list":{"0":"post-7095","1":"post","2":"type-post","3":"status-publish","4":"format-standard","5":"has-post-thumbnail","7":"category-chiva","8":"category-la-hoya","9":"category-ocio-y-cultura","10":"tag-patrona"},"_links":{"self":[{"href":"https:\/\/www.tucomarca.com\/wordpress\/segunda\/wp-json\/wp\/v2\/posts\/7095","targetHints":{"allow":["GET"]}}],"collection":[{"href":"https:\/\/www.tucomarca.com\/wordpress\/segunda\/wp-json\/wp\/v2\/posts"}],"about":[{"href":"https:\/\/www.tucomarca.com\/wordpress\/segunda\/wp-json\/wp\/v2\/types\/post"}],"author":[{"embeddable":true,"href":"https:\/\/www.tucomarca.com\/wordpress\/segunda\/wp-json\/wp\/v2\/users\/2"}],"replies":[{"embeddable":true,"href":"https:\/\/www.tucomarca.com\/wordpress\/segunda\/wp-json\/wp\/v2\/comments?post=7095"}],"version-history":[{"count":0,"href":"https:\/\/www.tucomarca.com\/wordpress\/segunda\/wp-json\/wp\/v2\/posts\/7095\/revisions"}],"wp:featuredmedia":[{"embeddable":true,"href":"https:\/\/www.tucomarca.com\/wordpress\/segunda\/wp-json\/wp\/v2\/media\/7096"}],"wp:attachment":[{"href":"https:\/\/www.tucomarca.com\/wordpress\/segunda\/wp-json\/wp\/v2\/media?parent=7095"}],"wp:term":[{"taxonomy":"category","embeddable":true,"href":"https:\/\/www.tucomarca.com\/wordpress\/segunda\/wp-json\/wp\/v2\/categories?post=7095"},{"taxonomy":"post_tag","embeddable":true,"href":"https:\/\/www.tucomarca.com\/wordpress\/segunda\/wp-json\/wp\/v2\/tags?post=7095"}],"curies":[{"name":"wp","href":"https:\/\/api.w.org\/{rel}","templated":true}]}}