{"id":71176,"date":"2018-08-07T10:52:58","date_gmt":"2018-08-07T08:52:58","guid":{"rendered":"http:\/\/www.tucomarca.com\/wordpress\/segunda\/?p=71176"},"modified":"2018-08-07T10:52:58","modified_gmt":"2018-08-07T08:52:58","slug":"variedad-de-actos-y-una-potente-semana-taurina-marcan-las-fiestas-de-turis-2018","status":"publish","type":"post","link":"https:\/\/www.tucomarca.com\/wordpress\/segunda\/variedad-de-actos-y-una-potente-semana-taurina-marcan-las-fiestas-de-turis-2018\/","title":{"rendered":"Variedad de actos y una potente semana taurina marcan las fiestas de Tur\u00eds 2018"},"content":{"rendered":"<figure id=\"attachment_71177\" aria-describedby=\"caption-attachment-71177\" style=\"width: 300px\" class=\"wp-caption alignleft\"><img loading=\"lazy\" decoding=\"async\" class=\" wp-image-71177\" src=\"https:\/\/www.tucomarca.com\/wordpress\/segunda\/wp-content\/uploads\/2018\/07\/IMG_0133-3.jpg\" alt=\"Sandra Cifre Sancho es la Reina de las Fiestas este a\u00f1o.\" width=\"300\" height=\"225\" srcset=\"https:\/\/www.tucomarca.com\/wordpress\/segunda\/wp-content\/uploads\/2018\/07\/IMG_0133-3.jpg 1006w, https:\/\/www.tucomarca.com\/wordpress\/segunda\/wp-content\/uploads\/2018\/07\/IMG_0133-3-300x225.jpg 300w, https:\/\/www.tucomarca.com\/wordpress\/segunda\/wp-content\/uploads\/2018\/07\/IMG_0133-3-768x576.jpg 768w\" sizes=\"auto, (max-width: 300px) 100vw, 300px\" \/><figcaption id=\"caption-attachment-71177\" class=\"wp-caption-text\">Sandra Cifre Sancho es la Reina de las Fiestas este a\u00f1o.<\/figcaption><\/figure>\n<p>Este fin de semana ha comenzado\u00a0la bor\u00e1gine de actos festivos en Tur\u00eds con la celebraci\u00f3n del concurso de paellas el\u00a0s\u00e1bado, 4 de agosto, y un anticipo de lo que ser\u00e1 la semana taurina con bou en corda y entrada de vaquillas el domingo d\u00eda 5. Por la tarde el anfiteatro de La Mina acogi\u00f3\u00a0el concierto de la banda joven de la Sociedad Musical Turisense, que se completa con los que se celebrar\u00e1n los d\u00edas 10 y 11 con la banda y la coral Vicent Ribes.<\/p>\n<p>A partir de ah\u00ed se van a suceder las finales de los diferentes campeonatos deportivos as\u00ed como la XXXI edici\u00f3n de la carrera popular. Las diversas exposiciones as\u00ed como la cena ben\u00e9fica contra el c\u00e0ncer, la gala del deporte y el cant d\u2019albaes ocupan la primera semana oficial de las Fiestas Populares y Patronales que se completa con los actos en honor de la Natividad de Nuestar Se\u00f1ora, San Francesc de Borja y la Mare de D\u00e9u dels Dolors Gloriosos. La masclet\u00e0 y el castillo de fuegos a cargo de Pirotecnia Tur\u00eds aportan el toque de p\u00f3lvora a las fiestas.<\/p>\n<p>El alcalde, Eugenio Forta\u00f1a, afirma que \u201cme gusta el ambiente que se crea en el pueblo con las fiestas. Ver a la gente en la calle, en harmon\u00eda, disfrutando y compartiendo sin incidentes que lamentar. Esa es la imagen que todo alcalde sue\u00f1a y que yo tengo la suerte de vivir cada a\u00f1o porque es exactamente la que ofrece Tur\u00eds\u201d.<\/p>\n<p>\u201cNada nos puede enorgullecer m\u00e1s que un pueblo unido gracias a la fiesta vivida con paz y respeto\u201d, asegura Forta\u00f1a. Todos los horarios pueden consultarse en la p\u00e1gina web www.turis.es. De esta manera usted podr\u00e1 saber cu\u00e1ndo act\u00faa la orquesta Montecarlo (12 de agosto), Emilio Solo y sus roqueros (15 de agosto), la orquesta Twister con el cantante local \u00c1lvaro (13 de agosto), el monologuista \u00d3scar Tramoyeres (17 de agosto) o el d\u00eda de los musicales (18 de agosto). Tambi\u00e9n puede consultar las diferentes sesiones de cine \u201ca la fresca\u201d que se est\u00e1n desarrollando tanto en el casco urbano como en algunas urbanizaciones.<\/p>\n<p>La semana taurina comienza oficialmente el 14 de agosto a las 7,30 horas con la cercavila de la corda que protagonizan la Reina de las Fiestas, Sandra Cifre, y su Corte de Honor acompa\u00f1adas por autoridades locales, miembros de las pe\u00f1as taurinas y la banda de m\u00fasica.<\/p>\n<p>El toro de cuerda visita todas las ma\u00f1anas las casas de las festeras y da paso a los populares almuerzos que se prolongan hasta la entrada de vaquillas, a las 14,00 horas.<\/p>\n<p>Por la tarde y por la noche, la plaza de toros acoge los diferentes concursos y desaf\u00edos de ganader\u00edas as\u00ed como el de recortadores y el de emboladores, que este a\u00f1o reune a las cuadrillas de Juanot de Tur\u00eds, Colmenar (Madrid), Cedrillas (Teruel), San Jaume d\u2019Enveja (Tarragona), Ferratge Jes\u00fas Pobre (Alicante) y La Almunia de Do\u00f1a Godina (Zaragoza).<\/p>\n<p>Este a\u00f1o las ganader\u00edas que pasar\u00e1n por el coso turisano son las de David Alfaro (Cheste), Jos\u00e9 Vicente Machanoces (Picassent), Fernando Machancoses (Cheste), Vicente Benavent (Quatretonda), Alberto Granchel (Quatretonda), Daniel Machancoses (Picassent), Javier T\u00e1rrega \u201cEl Gallo\u201d (Benic\u00e0ssim), H\u00e9ctor L\u00f3pez (Chiva) y \u00c1ngel Guardiola \u201cLa Paloma\u201d (Xal\u00f3).<\/p>\n","protected":false},"excerpt":{"rendered":"<div class=\"mh-excerpt\">Este fin de semana ha comenzado\u00a0la bor\u00e1gine de actos festivos en Tur\u00eds con la celebraci\u00f3n del concurso de paellas el\u00a0s\u00e1bado, 4 de agosto, y un anticipo de lo que ser\u00e1 la semana taurina con bou <a class=\"mh-excerpt-more\" href=\"https:\/\/www.tucomarca.com\/wordpress\/segunda\/variedad-de-actos-y-una-potente-semana-taurina-marcan-las-fiestas-de-turis-2018\/\" title=\"Variedad de actos y una potente semana taurina marcan las fiestas de Tur\u00eds 2018\">[+] <\/a><\/div>\n","protected":false},"author":1,"featured_media":71177,"comment_status":"open","ping_status":"open","sticky":false,"template":"","format":"standard","meta":{"footnotes":""},"categories":[8,42,5,383,3,43,45],"tags":[3640,10394],"class_list":{"0":"post-71176","1":"post","2":"type-post","3":"status-publish","4":"format-standard","5":"has-post-thumbnail","7":"category-la-comarca","8":"category-la-ribera","9":"category-la-semana-en-imagenes","10":"category-pueblos-en-fiestas","11":"category-seccion","12":"category-turis","13":"category-ventana","14":"tag-la-ribera-alta","15":"tag-turis"},"_links":{"self":[{"href":"https:\/\/www.tucomarca.com\/wordpress\/segunda\/wp-json\/wp\/v2\/posts\/71176","targetHints":{"allow":["GET"]}}],"collection":[{"href":"https:\/\/www.tucomarca.com\/wordpress\/segunda\/wp-json\/wp\/v2\/posts"}],"about":[{"href":"https:\/\/www.tucomarca.com\/wordpress\/segunda\/wp-json\/wp\/v2\/types\/post"}],"author":[{"embeddable":true,"href":"https:\/\/www.tucomarca.com\/wordpress\/segunda\/wp-json\/wp\/v2\/users\/1"}],"replies":[{"embeddable":true,"href":"https:\/\/www.tucomarca.com\/wordpress\/segunda\/wp-json\/wp\/v2\/comments?post=71176"}],"version-history":[{"count":0,"href":"https:\/\/www.tucomarca.com\/wordpress\/segunda\/wp-json\/wp\/v2\/posts\/71176\/revisions"}],"wp:featuredmedia":[{"embeddable":true,"href":"https:\/\/www.tucomarca.com\/wordpress\/segunda\/wp-json\/wp\/v2\/media\/71177"}],"wp:attachment":[{"href":"https:\/\/www.tucomarca.com\/wordpress\/segunda\/wp-json\/wp\/v2\/media?parent=71176"}],"wp:term":[{"taxonomy":"category","embeddable":true,"href":"https:\/\/www.tucomarca.com\/wordpress\/segunda\/wp-json\/wp\/v2\/categories?post=71176"},{"taxonomy":"post_tag","embeddable":true,"href":"https:\/\/www.tucomarca.com\/wordpress\/segunda\/wp-json\/wp\/v2\/tags?post=71176"}],"curies":[{"name":"wp","href":"https:\/\/api.w.org\/{rel}","templated":true}]}}