{"id":71422,"date":"2018-07-30T14:15:15","date_gmt":"2018-07-30T12:15:15","guid":{"rendered":"http:\/\/www.tucomarca.com\/wordpress\/segunda\/?p=71422"},"modified":"2018-07-30T14:15:15","modified_gmt":"2018-07-30T12:15:15","slug":"el-servicio-de-transporte-de-vilamarxant-incluira-conexiones-diarias-con-casi-todos-los-metros-de-riba-roja-de-turia","status":"publish","type":"post","link":"https:\/\/www.tucomarca.com\/wordpress\/segunda\/el-servicio-de-transporte-de-vilamarxant-incluira-conexiones-diarias-con-casi-todos-los-metros-de-riba-roja-de-turia\/","title":{"rendered":"El servicio de transporte de Vilamarxant incluir\u00e1 conexiones diarias con casi todos los metros de Riba-roja de T\u00faria"},"content":{"rendered":"<figure id=\"attachment_71420\" aria-describedby=\"caption-attachment-71420\" style=\"width: 339px\" class=\"wp-caption alignleft\"><img loading=\"lazy\" decoding=\"async\" class=\" wp-image-71419\" src=\"https:\/\/www.tucomarca.com\/wordpress\/segunda\/wp-content\/uploads\/2018\/07\/IMG_6711.png\" alt=\"Este proceso aumentar\u00e1 considerablemente las frecuencias de viajes.\" width=\"339\" height=\"447\" srcset=\"https:\/\/www.tucomarca.com\/wordpress\/segunda\/wp-content\/uploads\/2018\/07\/IMG_6711.png 1125w, https:\/\/www.tucomarca.com\/wordpress\/segunda\/wp-content\/uploads\/2018\/07\/IMG_6711-228x300.png 228w, https:\/\/www.tucomarca.com\/wordpress\/segunda\/wp-content\/uploads\/2018\/07\/IMG_6711-768x1011.png 768w, https:\/\/www.tucomarca.com\/wordpress\/segunda\/wp-content\/uploads\/2018\/07\/IMG_6711-778x1024.png 778w, https:\/\/www.tucomarca.com\/wordpress\/segunda\/wp-content\/uploads\/2018\/07\/IMG_6711-1024x1348.png 1024w\" sizes=\"auto, (max-width: 339px) 100vw, 339px\" \/><figcaption id=\"caption-attachment-71420\" class=\"wp-caption-text\">Este proceso aumentar\u00e1 considerablemente las frecuencias de viajes.<\/figcaption><\/figure>\n<p><b>La Conselleria ha publicado hoy el Proyecto de servicio de transporte de la zona de Vilamarxant. Este proceso aumentar\u00e1 considerablemente las frecuencias de viajes y estar\u00e1 financiado por la Generalitat.<\/b><\/p>\n<p>La Conselleria de Vivienda, Obras P\u00fablicas y Vertebraci\u00f3n del Territorio ha aprobado Proyecto de servicio p\u00fablico de transporte de viajeros por carretera de la zona noroeste del \u00e1rea Metropolitana de Valencia, que incluye el servicio en autob\u00fas de Vilamarxant.<\/p>\n<p>Se trata de un proyecto de concesi\u00f3n que recoge gran parte de las mejoras que, desde el principio de la legislatura, el Equipo de Gobierno del Ayuntamiento de Vilamarxant ha solicitado a trav\u00e9s de diferentes reuniones y escritos con la administraci\u00f3n auton\u00f3mica para poner en marcha las actuaciones necesarias para que los vecinos y vecinas dispongan de un servicio mejorado y que se adec\u00fae\u00a0m\u00e1s a sus necesidades.<\/p>\n<p>El documento publicado hoy proyecta 31 conexiones directas de ida y vuelta (cada media hora) con la mayor parte de los metros de Riba-roja de T\u00faria, de lunes a viernes laborables, desde las 6.15 y hasta las 21.30 h. Los s\u00e1bados habr\u00e1 8 trayectos de ida y 8 de vuelta y para el domingo se incorporan 7 viajes de ida y vuelta.<\/p>\n<p>En periodo no lectivo tambi\u00e9n se mantiene una frecuencia parecida, solo cambiando algunos horarios para adaptarse al metro.<\/p>\n<p><img loading=\"lazy\" decoding=\"async\" class=\"alignleft wp-image-71417\" src=\"https:\/\/www.tucomarca.com\/wordpress\/segunda\/wp-content\/uploads\/2018\/07\/IMG_6712.png\" alt=\"\" width=\"347\" height=\"477\" srcset=\"https:\/\/www.tucomarca.com\/wordpress\/segunda\/wp-content\/uploads\/2018\/07\/IMG_6712.png 1125w, https:\/\/www.tucomarca.com\/wordpress\/segunda\/wp-content\/uploads\/2018\/07\/IMG_6712-218x300.png 218w, https:\/\/www.tucomarca.com\/wordpress\/segunda\/wp-content\/uploads\/2018\/07\/IMG_6712-768x1055.png 768w, https:\/\/www.tucomarca.com\/wordpress\/segunda\/wp-content\/uploads\/2018\/07\/IMG_6712-745x1024.png 745w, https:\/\/www.tucomarca.com\/wordpress\/segunda\/wp-content\/uploads\/2018\/07\/IMG_6712-1024x1407.png 1024w\" sizes=\"auto, (max-width: 347px) 100vw, 347px\" \/><\/p>\n<p>Adem\u00e1s, no se dejan de lado las comunicaciones con Ll\u00edria y Benaguasil con 10 expediciones de lunes a viernes, durante todo el a\u00f1o, desde las 7.45 y hasta las 19.45 h. En el caso de Ll\u00edria, el servicio se ampl\u00eda hasta llegar al Hospital.<\/p>\n<p><b>El transporte p\u00fablico\u00a0ser\u00e1 financiado por la Generalitat<\/b><\/p>\n<p>Este documento de la Generalitat recoge las directrices y objetivos generales que har\u00e1 falta que tengan estas l\u00edneas de transporte. Adem\u00e1s, los gastos de esta nueva concesi\u00f3n estar\u00e1n a cargo de la administraci\u00f3n auton\u00f3mica y no de las arcas municipales que anualmente han tenido que desembolsar cantidades de m\u00e1s de 90.000 euros para mantener este servicio sin ninguna ayuda de otras administraciones.<\/p>\n<p>La aportaci\u00f3n global de la Generalitat para cubrir los gastos de esta concesi\u00f3n durante los 11 a\u00f1os que engloba la misma es de 12.542.328,85 euros, una parte proporcional de los cuales ir\u00e1n destinados al transporte de Vilamarxant.<\/p>\n<p>El alcalde Jes\u00fas Montesinos ha destacado que \u201ccon este futuro nuevo mapa, Vilamarxant tendr\u00e1 asegurada una sustancial mejora de su transporte p\u00fablico y, adem\u00e1s, este servicio estar\u00e1 sufragado por la Generalitat, con el ahorro que esto tambi\u00e9n supondr\u00e1 para las cuentas municipales. Han sido muchos a\u00f1os de demandas de mejoras a la Conselleria que, a pesar de que no se han concedido con la celeridad que hubi\u00e9ramos querido, han llegado con la finalidad de que los vecinos y vecinas de Vilamarxant dispongan de un transporte que ofrecer\u00e1 una amplia bater\u00eda de horarios\u201d.<\/p>\n<p>A pesar de reconocer que este anuncio es un gran avance respecto a la situaci\u00f3n heredada, el Equipo de Gobierno del Ayuntamiento de Vilamarxant y el personal t\u00e9cnico estudiar\u00e1 el proyecto al detalle por si se considerara necesario pedir alguna mejora durante el periodo de informaci\u00f3n p\u00fablica al cual se someter\u00e1 el texto, y que estar\u00e1 abierto hasta el 21 de septiembre.<\/p>\n","protected":false},"excerpt":{"rendered":"<div class=\"mh-excerpt\">La Conselleria ha publicado hoy el Proyecto de servicio de transporte de la zona de Vilamarxant. Este proceso aumentar\u00e1 considerablemente las frecuencias de viajes y estar\u00e1 financiado por la Generalitat. La Conselleria de Vivienda, Obras <a class=\"mh-excerpt-more\" href=\"https:\/\/www.tucomarca.com\/wordpress\/segunda\/el-servicio-de-transporte-de-vilamarxant-incluira-conexiones-diarias-con-casi-todos-los-metros-de-riba-roja-de-turia\/\" title=\"El servicio de transporte de Vilamarxant incluir\u00e1 conexiones diarias con casi todos los metros de Riba-roja de T\u00faria\">[+] <\/a><\/div>\n","protected":false},"author":2,"featured_media":71420,"comment_status":"open","ping_status":"open","sticky":false,"template":"","format":"standard","meta":{"footnotes":""},"categories":[46,128,8,47,182,3,184],"tags":[10396,1504,10439],"class_list":{"0":"post-71422","1":"post","2":"type-post","3":"status-publish","4":"format-standard","5":"has-post-thumbnail","7":"category-camp-de-turia","8":"category-infraestructuras","9":"category-la-comarca","10":"category-lliria","11":"category-riba-roja","12":"category-seccion","13":"category-vilamarxant","14":"tag-lliria","15":"tag-riba-roja-2","16":"tag-vilamarxant"},"_links":{"self":[{"href":"https:\/\/www.tucomarca.com\/wordpress\/segunda\/wp-json\/wp\/v2\/posts\/71422","targetHints":{"allow":["GET"]}}],"collection":[{"href":"https:\/\/www.tucomarca.com\/wordpress\/segunda\/wp-json\/wp\/v2\/posts"}],"about":[{"href":"https:\/\/www.tucomarca.com\/wordpress\/segunda\/wp-json\/wp\/v2\/types\/post"}],"author":[{"embeddable":true,"href":"https:\/\/www.tucomarca.com\/wordpress\/segunda\/wp-json\/wp\/v2\/users\/2"}],"replies":[{"embeddable":true,"href":"https:\/\/www.tucomarca.com\/wordpress\/segunda\/wp-json\/wp\/v2\/comments?post=71422"}],"version-history":[{"count":0,"href":"https:\/\/www.tucomarca.com\/wordpress\/segunda\/wp-json\/wp\/v2\/posts\/71422\/revisions"}],"wp:featuredmedia":[{"embeddable":true,"href":"https:\/\/www.tucomarca.com\/wordpress\/segunda\/wp-json\/wp\/v2\/media\/71420"}],"wp:attachment":[{"href":"https:\/\/www.tucomarca.com\/wordpress\/segunda\/wp-json\/wp\/v2\/media?parent=71422"}],"wp:term":[{"taxonomy":"category","embeddable":true,"href":"https:\/\/www.tucomarca.com\/wordpress\/segunda\/wp-json\/wp\/v2\/categories?post=71422"},{"taxonomy":"post_tag","embeddable":true,"href":"https:\/\/www.tucomarca.com\/wordpress\/segunda\/wp-json\/wp\/v2\/tags?post=71422"}],"curies":[{"name":"wp","href":"https:\/\/api.w.org\/{rel}","templated":true}]}}