{"id":71424,"date":"2018-07-30T16:36:12","date_gmt":"2018-07-30T14:36:12","guid":{"rendered":"http:\/\/www.tucomarca.com\/wordpress\/segunda\/?p=71424"},"modified":"2018-07-30T16:36:12","modified_gmt":"2018-07-30T14:36:12","slug":"riba-roja-retira-51-520-kilos-de-amianto-del-techo-de-la-cebera-para-eliminar-el-peligro-para-la-salud-de-los-usuarios-del-futuro-centro-social-y-cultural-de-la-juventud","status":"publish","type":"post","link":"https:\/\/www.tucomarca.com\/wordpress\/segunda\/riba-roja-retira-51-520-kilos-de-amianto-del-techo-de-la-cebera-para-eliminar-el-peligro-para-la-salud-de-los-usuarios-del-futuro-centro-social-y-cultural-de-la-juventud\/","title":{"rendered":"Riba-roja retira 51.520 kilos de amianto del techo de la Cebera para eliminar el peligro para la salud de los usuarios del futuro centro social y cultural de la juventud"},"content":{"rendered":"<figure id=\"attachment_71425\" aria-describedby=\"caption-attachment-71425\" style=\"width: 306px\" class=\"wp-caption alignleft\"><img loading=\"lazy\" decoding=\"async\" class=\" wp-image-71425\" src=\"https:\/\/www.tucomarca.com\/wordpress\/segunda\/wp-content\/uploads\/2018\/07\/Riba_rojaAmianto.jpg\" alt=\"Riba-roja retira 51.520 kilos de amianto del techo de la Cebera.\" width=\"306\" height=\"172\" srcset=\"https:\/\/www.tucomarca.com\/wordpress\/segunda\/wp-content\/uploads\/2018\/07\/Riba_rojaAmianto.jpg 1328w, https:\/\/www.tucomarca.com\/wordpress\/segunda\/wp-content\/uploads\/2018\/07\/Riba_rojaAmianto-300x169.jpg 300w, https:\/\/www.tucomarca.com\/wordpress\/segunda\/wp-content\/uploads\/2018\/07\/Riba_rojaAmianto-768x432.jpg 768w, https:\/\/www.tucomarca.com\/wordpress\/segunda\/wp-content\/uploads\/2018\/07\/Riba_rojaAmianto-1024x576.jpg 1024w\" sizes=\"auto, (max-width: 306px) 100vw, 306px\" \/><figcaption id=\"caption-attachment-71425\" class=\"wp-caption-text\">Riba-roja retira 51.520 kilos de amianto del techo de la Cebera.<\/figcaption><\/figure>\n<p><strong>Una empresa especializada se encarga de realizar este trabajo<\/strong><\/p>\n<p>El Ayuntamiento de Riba-roja de T\u00faria ha retirado un total de 51.520 kilos de amianto del techo de uralita existente en el edificio municipal la Cebera -denominado popularmente como <i>\u00abMinguet\u00bb<\/i>&#8211; que se est\u00e1 rehabilitando actualmente para albergar en su interior un centro socio cultural destinado, principalmente, para j\u00f3venes. Las obras de esta primera fase est\u00e1n cifradas en 130.000 euros que se aportan con fondos municipales.<\/p>\n<p>La Cebera es una antigua parcela que ocupa 4.994 metros cuadrados de extensi\u00f3n cuya actividad se centr\u00f3 durante varias d\u00e9cadas a la manipulaci\u00f3n y comercializaci\u00f3n de la cebolla hasta que desde hace unos lustros ces\u00f3 cualquier tipo de labor en su interior y el Ayuntamiento de Riba-roja de T\u00faria apost\u00f3 por su adquisici\u00f3n por un montante total de 1 mill\u00f3n de euros.<\/p>\n<p>Los trabajos de esta primera fase consisten en la sustituci\u00f3n de la cubierta y la restauraci\u00f3n estructural de este antiguo almac\u00e9n a cargo de una empresa especializada en la manipulaci\u00f3n de este tipo de materiales peligrosos de forma que el fibrocemento actual retirado se sustituir\u00e1 por una cubierta de chapa de acero galvanizado previos a la limpieza y a la pintura ign\u00edfuga que se imprimir\u00e1 sobre la estructura existente.<\/p>\n<p>En total, la empresa especializada ha realizado hasta tres viajes con el material extra\u00eddo que equivale a cerca de 3.680 metros cuadrados de amianto en cuya manipulaci\u00f3n se han empleado todas las medidas de seguridad vigentes en la actualidad para evitar cualquier contacto con las personas y, de esta forma, eliminar cualquier riesgo para la salud de los trabajadores.<\/p>\n<p>Este proyecto del Ayuntamiento de Riba-roja de T\u00faria consiste en construir un espacio social, cultural y de ocio para los j\u00f3venes de la localidad -inexistente en la actualidad- con el que se cubre una demanda y una reivindicaci\u00f3n de los colectivos juveniles a los que el actual gobierno municipal ha sido sensible a sus demandas de forma que en un periodo m\u00e1ximo de dos a\u00f1os podr\u00e1 funcionar a pleno rendimiento.<\/p>\n<p>Sin embargo, pr\u00f3ximamente se podr\u00e1 utilizar una parte del recinto de la Cebera en el que se podr\u00e1n llevar a cabo las actividades de los Fadrins gracias a los trabajos que se han llevado a cabo durante las \u00faltimas semanas. De hecho, se trata de una de las fiestas m\u00e1s populares y conocidas en la localidad en las que durante una semana un colectivo de j\u00f3venes se encarga de organizar y gestionar cada a\u00f1o las fiestas destinadas a este segmento poblacional y que, desgraciadamente, carecen actualmente de un espacio fijo para las mismas.<\/p>\n<p>La segunda fase de las obras de adecuaci\u00f3n de la Cebera se encargar\u00e1 de dise\u00f1ar el resto de las estancias para albergar diversas expresiones sociales, art\u00edsticas y culturales para diversos colectivos juveniles gracias al convenio que se firmar\u00e1 con la Universitat Polit\u00e8cnica de Val\u00e8ncia de forma que entre el ayuntamiento y los departamento de Bellas Artes y Arquitectura trazar\u00e1n las l\u00edneas maestras de la actuaci\u00f3n.<\/p>\n<p>Est\u00e1 previsto que entre las funcionalidades que en un futuro se podr\u00e1n llevar a cabo en su interior destaquen algunas como locales de ensayo para grupos de m\u00fasica que no disponen de espacios, un roc\u00f3dromo, una pista de skate gracias a una estructura que se conserva del antiguo almac\u00e9n de cebolla, adem\u00e1s, de locales para representaciones de teatro, entre otras, y un punto de implantaci\u00f3n tecnol\u00f3gica.<\/p>\n<p>Un recorrido por las instalaciones de la Cebera de Riba-roja de T\u00faria es suficiente para imaginar la actividad econ\u00f3mica que durante d\u00e9cadas se llev\u00f3 a cabo en su interior con la manipulaci\u00f3n y comercializaci\u00f3n de las cebollas, un producto comestible que en su \u00e9poca era uno de los motores econ\u00f3mico no solo en la localidad sino tambi\u00e9n en el Camp de T\u00faria. Por ello, la b\u00e1scula que todav\u00eda perdura en su interior se conservar\u00e1 para que en el futuro pueda ser conocido por todos los habitantes.<\/p>\n<p>El alcalde de Riba-roja de T\u00faria, Robert Raga, ha destacado que la funci\u00f3n de la Cebera <i>\u00abcubre un gran vac\u00edo que ahora sufren los j\u00f3venes de la localidad que no disponen de lugares o espacios adecuados para desarrollar su potencial art\u00edstico al tiempo que damos una respuesta a una parcela olvidada y que el Partido Popular quer\u00eda destinar para construir pisos y fincas sin dar una respuesta a la juventud\u00bb.<\/i><\/p>\n","protected":false},"excerpt":{"rendered":"<div class=\"mh-excerpt\">Una empresa especializada se encarga de realizar este trabajo El Ayuntamiento de Riba-roja de T\u00faria ha retirado un total de 51.520 kilos de amianto del techo de uralita existente en el edificio municipal la Cebera <a class=\"mh-excerpt-more\" href=\"https:\/\/www.tucomarca.com\/wordpress\/segunda\/riba-roja-retira-51-520-kilos-de-amianto-del-techo-de-la-cebera-para-eliminar-el-peligro-para-la-salud-de-los-usuarios-del-futuro-centro-social-y-cultural-de-la-juventud\/\" title=\"Riba-roja retira 51.520 kilos de amianto del techo de la Cebera para eliminar el peligro para la salud de los usuarios del futuro centro social y cultural de la juventud\">[+] <\/a><\/div>\n","protected":false},"author":2,"featured_media":71425,"comment_status":"open","ping_status":"open","sticky":false,"template":"","format":"standard","meta":{"footnotes":""},"categories":[46,119,128,8,117,182,3],"tags":[10395,1504],"class_list":{"0":"post-71424","1":"post","2":"type-post","3":"status-publish","4":"format-standard","5":"has-post-thumbnail","7":"category-camp-de-turia","8":"category-sanidad-la-comarca","9":"category-infraestructuras","10":"category-la-comarca","11":"category-medio-ambiente-la-comarca","12":"category-riba-roja","13":"category-seccion","14":"tag-camp-de-turia","15":"tag-riba-roja-2"},"_links":{"self":[{"href":"https:\/\/www.tucomarca.com\/wordpress\/segunda\/wp-json\/wp\/v2\/posts\/71424","targetHints":{"allow":["GET"]}}],"collection":[{"href":"https:\/\/www.tucomarca.com\/wordpress\/segunda\/wp-json\/wp\/v2\/posts"}],"about":[{"href":"https:\/\/www.tucomarca.com\/wordpress\/segunda\/wp-json\/wp\/v2\/types\/post"}],"author":[{"embeddable":true,"href":"https:\/\/www.tucomarca.com\/wordpress\/segunda\/wp-json\/wp\/v2\/users\/2"}],"replies":[{"embeddable":true,"href":"https:\/\/www.tucomarca.com\/wordpress\/segunda\/wp-json\/wp\/v2\/comments?post=71424"}],"version-history":[{"count":0,"href":"https:\/\/www.tucomarca.com\/wordpress\/segunda\/wp-json\/wp\/v2\/posts\/71424\/revisions"}],"wp:featuredmedia":[{"embeddable":true,"href":"https:\/\/www.tucomarca.com\/wordpress\/segunda\/wp-json\/wp\/v2\/media\/71425"}],"wp:attachment":[{"href":"https:\/\/www.tucomarca.com\/wordpress\/segunda\/wp-json\/wp\/v2\/media?parent=71424"}],"wp:term":[{"taxonomy":"category","embeddable":true,"href":"https:\/\/www.tucomarca.com\/wordpress\/segunda\/wp-json\/wp\/v2\/categories?post=71424"},{"taxonomy":"post_tag","embeddable":true,"href":"https:\/\/www.tucomarca.com\/wordpress\/segunda\/wp-json\/wp\/v2\/tags?post=71424"}],"curies":[{"name":"wp","href":"https:\/\/api.w.org\/{rel}","templated":true}]}}