{"id":71453,"date":"2018-07-30T22:10:04","date_gmt":"2018-07-30T20:10:04","guid":{"rendered":"http:\/\/www.tucomarca.com\/wordpress\/segunda\/?p=71453"},"modified":"2018-07-30T22:11:18","modified_gmt":"2018-07-30T20:11:18","slug":"la-diputacio-inicia-los-trabajos-de-mejora-en-la-travesia-de-quesa","status":"publish","type":"post","link":"https:\/\/www.tucomarca.com\/wordpress\/segunda\/la-diputacio-inicia-los-trabajos-de-mejora-en-la-travesia-de-quesa\/","title":{"rendered":"La Diputaci\u00f3 inicia los trabajos de mejora en la traves\u00eda de Quesa"},"content":{"rendered":"<figure id=\"attachment_71454\" aria-describedby=\"caption-attachment-71454\" style=\"width: 380px\" class=\"wp-caption alignleft\"><img loading=\"lazy\" decoding=\"async\" class=\" wp-image-71454\" src=\"https:\/\/www.tucomarca.com\/wordpress\/segunda\/wp-content\/uploads\/2018\/07\/01_10.jpg\" alt=\"Las obras permitir\u00e1n pacificar el tr\u00e1fico, ordenar la circulaci\u00f3n y estacionamiento de veh\u00edculos y mejorar el drenaje.\" width=\"380\" height=\"285\" srcset=\"https:\/\/www.tucomarca.com\/wordpress\/segunda\/wp-content\/uploads\/2018\/07\/01_10.jpg 1200w, https:\/\/www.tucomarca.com\/wordpress\/segunda\/wp-content\/uploads\/2018\/07\/01_10-300x225.jpg 300w, https:\/\/www.tucomarca.com\/wordpress\/segunda\/wp-content\/uploads\/2018\/07\/01_10-768x576.jpg 768w, https:\/\/www.tucomarca.com\/wordpress\/segunda\/wp-content\/uploads\/2018\/07\/01_10-1024x768.jpg 1024w\" sizes=\"auto, (max-width: 380px) 100vw, 380px\" \/><figcaption id=\"caption-attachment-71454\" class=\"wp-caption-text\">Las obras permitir\u00e1n pacificar el tr\u00e1fico, ordenar la circulaci\u00f3n y estacionamiento de veh\u00edculos y mejorar el drenaje.<\/figcaption><\/figure>\n<p>El \u00e1rea de Carreteras de la Diputaci\u00f3 de Val\u00e8ncia ha iniciado los trabajos de mejora en la traves\u00eda de Quesa, unas obras que permitir\u00e1n pacificar el tr\u00e1fico, ordenar la circulaci\u00f3n y el estacionamiento de veh\u00edculos en toda la zona y mejorar el drenaje de la v\u00eda. Una actuaci\u00f3n cuyo presupuesto global asciende a un total de 115.000 euros<\/p>\n<p>\u201cEstos trabajos de mejora forman parte de la hoja de ruta marcada por la corporaci\u00f3n provincial en la que determinamos que la seguridad vial ten\u00eda que ser el hilo conductor en todas nuestras actuaciones\u201d, ha destacado el responsable del \u00e1rea, Pablo Segu\u00ed, que ha acudido a este peque\u00f1o municipio de 690 habitantes de La Canal de Navarr\u00e9s acompa\u00f1ado por su alcaldesa, Carina Primo, y el director de Carreteras, Javier Piedra, para conocer el estado y desarrollo de las obras en la CV-580.<\/p>\n<p>Primo, por su parte, ha aprovechado esta visita para valorar la actuaci\u00f3n y trasladar al diputado la posibilidad de generar un trazado alternativo para uno de los dos sentidos de circulaci\u00f3n de la traves\u00eda. \u201cCompartimos con la diputaci\u00f3n esa preocupaci\u00f3n por la seguridad vial y esto nos ayudar\u00eda a mejorar ese aspecto en el coraz\u00f3n de nuestro municipio\u201d, ha se\u00f1alado.<\/p>\n<p><strong>1,5 millones de euros<\/strong><\/p>\n<p>En el conjunto de la demarcaci\u00f3n, que abarca carreteras de las comarcas de La Costera, La Vall d\u2019Albaida. La Safor y La Canal, la Diputaci\u00f3 de Val\u00e8ncia tiene previsto invertir un total de 1,5 millones de euros. Un presupuesto que se destinar\u00e1 a incrementar la seguridad vial en toda la red de carreteras mediante la ejecuci\u00f3n de mejoras en los sistemas de drenaje y de contenci\u00f3n, actuaciones en glorietas urbanas y la renovaci\u00f3n y actualizaci\u00f3n de la se\u00f1alizaci\u00f3n vertical, entre otras.<\/p>\n<p>Por el momento se han ejecutado las intervenciones correspondientes a la sustituci\u00f3n de juntas de puentes en la carretera CV-555 del r\u00edo Sellent; la CV-649, perteneciente al r\u00edo Canyoles; la CV-641 del ferrocarril Valencia-Alcoy; la CV-600 del r\u00edo Barxeta; la CV-611 del Barranco de la Xara y la CV-612 de la presa de Bell\u00fas. Tambi\u00e9n se han iniciado las labores de urbanizaci\u00f3n de la traves\u00eda de Quesa y los accesos a su cementerio, pendiente tan solo de aglomerar y pintar.<\/p>\n<p>Otra de las actuaciones que est\u00e1 llevando a cabo el \u00e1rea es la actualizaci\u00f3n de la se\u00f1alizaci\u00f3n vertical de v\u00edas como la CV-657 de Fontanars; la CV-580 entre Bicorp y Millares; la CV-608 entre Llutxent y Pinet o la CV-600 entre X\u00e0tiva y Llocnou d\u00b4En Fenollet. Finalmente, se est\u00e1 llevando a cabo la ejecuci\u00f3n de las cunetas de seguridad de la CV-654 en Fontanars dels Alforins, y en los pr\u00f3ximos d\u00edas se acometer\u00e1 la intersecci\u00f3n de Moixent con Naval\u00f3n en la CV-589 y la intersecci\u00f3n del acceso de Navarr\u00e9s, en la CV-580.<\/p>\n","protected":false},"excerpt":{"rendered":"<div class=\"mh-excerpt\">El \u00e1rea de Carreteras de la Diputaci\u00f3 de Val\u00e8ncia ha iniciado los trabajos de mejora en la traves\u00eda de Quesa, unas obras que permitir\u00e1n pacificar el tr\u00e1fico, ordenar la circulaci\u00f3n y el estacionamiento de veh\u00edculos <a class=\"mh-excerpt-more\" href=\"https:\/\/www.tucomarca.com\/wordpress\/segunda\/la-diputacio-inicia-los-trabajos-de-mejora-en-la-travesia-de-quesa\/\" title=\"La Diputaci\u00f3 inicia los trabajos de mejora en la traves\u00eda de Quesa\">[+] <\/a><\/div>\n","protected":false},"author":1,"featured_media":71454,"comment_status":"open","ping_status":"open","sticky":false,"template":"","format":"standard","meta":{"footnotes":""},"categories":[128,70,8,142,164,3,45],"tags":[204,10803,10427],"class_list":{"0":"post-71453","1":"post","2":"type-post","3":"status-publish","4":"format-standard","5":"has-post-thumbnail","7":"category-infraestructuras","8":"category-la-canal-de-navarres","9":"category-la-comarca","10":"category-politica-la-comarca","11":"category-quesa","12":"category-seccion","13":"category-ventana","14":"tag-diputacion","15":"tag-la-canal-de-navarers","16":"tag-quesa"},"_links":{"self":[{"href":"https:\/\/www.tucomarca.com\/wordpress\/segunda\/wp-json\/wp\/v2\/posts\/71453","targetHints":{"allow":["GET"]}}],"collection":[{"href":"https:\/\/www.tucomarca.com\/wordpress\/segunda\/wp-json\/wp\/v2\/posts"}],"about":[{"href":"https:\/\/www.tucomarca.com\/wordpress\/segunda\/wp-json\/wp\/v2\/types\/post"}],"author":[{"embeddable":true,"href":"https:\/\/www.tucomarca.com\/wordpress\/segunda\/wp-json\/wp\/v2\/users\/1"}],"replies":[{"embeddable":true,"href":"https:\/\/www.tucomarca.com\/wordpress\/segunda\/wp-json\/wp\/v2\/comments?post=71453"}],"version-history":[{"count":0,"href":"https:\/\/www.tucomarca.com\/wordpress\/segunda\/wp-json\/wp\/v2\/posts\/71453\/revisions"}],"wp:featuredmedia":[{"embeddable":true,"href":"https:\/\/www.tucomarca.com\/wordpress\/segunda\/wp-json\/wp\/v2\/media\/71454"}],"wp:attachment":[{"href":"https:\/\/www.tucomarca.com\/wordpress\/segunda\/wp-json\/wp\/v2\/media?parent=71453"}],"wp:term":[{"taxonomy":"category","embeddable":true,"href":"https:\/\/www.tucomarca.com\/wordpress\/segunda\/wp-json\/wp\/v2\/categories?post=71453"},{"taxonomy":"post_tag","embeddable":true,"href":"https:\/\/www.tucomarca.com\/wordpress\/segunda\/wp-json\/wp\/v2\/tags?post=71453"}],"curies":[{"name":"wp","href":"https:\/\/api.w.org\/{rel}","templated":true}]}}