{"id":71463,"date":"2018-07-30T22:26:27","date_gmt":"2018-07-30T20:26:27","guid":{"rendered":"http:\/\/www.tucomarca.com\/wordpress\/segunda\/?p=71463"},"modified":"2018-07-30T22:26:27","modified_gmt":"2018-07-30T20:26:27","slug":"cerca-de-cinco-mil-espectadores-han-disfrutado-de-la-obra-la-gran-final-de-escena-erasmus","status":"publish","type":"post","link":"https:\/\/www.tucomarca.com\/wordpress\/segunda\/cerca-de-cinco-mil-espectadores-han-disfrutado-de-la-obra-la-gran-final-de-escena-erasmus\/","title":{"rendered":"Cerca de cinco mil espectadores han disfrutado de la obra \u2018La gran final\u2019, de Escena Erasmus"},"content":{"rendered":"<figure id=\"attachment_71464\" aria-describedby=\"caption-attachment-71464\" style=\"width: 464px\" class=\"wp-caption alignleft\"><img loading=\"lazy\" decoding=\"async\" class=\" wp-image-71464\" src=\"https:\/\/www.tucomarca.com\/wordpress\/segunda\/wp-content\/uploads\/2018\/07\/P_20180715_134628.jpg\" alt=\"La obra aborda con humor un asunto delicado como es la integraci\u00f3n de los inmigrantes en la sociedad europea, as\u00ed como los conceptos y prejuicios alrededor de las fronteras y el territorio.\" width=\"464\" height=\"261\" srcset=\"https:\/\/www.tucomarca.com\/wordpress\/segunda\/wp-content\/uploads\/2018\/07\/P_20180715_134628.jpg 4160w, https:\/\/www.tucomarca.com\/wordpress\/segunda\/wp-content\/uploads\/2018\/07\/P_20180715_134628-300x169.jpg 300w, https:\/\/www.tucomarca.com\/wordpress\/segunda\/wp-content\/uploads\/2018\/07\/P_20180715_134628-768x432.jpg 768w, https:\/\/www.tucomarca.com\/wordpress\/segunda\/wp-content\/uploads\/2018\/07\/P_20180715_134628-1024x576.jpg 1024w\" sizes=\"auto, (max-width: 464px) 100vw, 464px\" \/><figcaption id=\"caption-attachment-71464\" class=\"wp-caption-text\">La obra aborda con humor un asunto delicado como es la integraci\u00f3n de los inmigrantes en la sociedad europea, as\u00ed como los conceptos y prejuicios alrededor de las fronteras y el territorio.<\/figcaption><\/figure>\n<p>Un a\u00f1o m\u00e1s el programa de teatro amateur \u201cLas peque\u00f1as Europas\u201d ha estado de gira por los pueblos valencianos. Se trata de un reconocido proyecto de Escena Erasmus, un grupo de teatro consolidado con sede en la Universitat de Val\u00e8ncia, y que se ocupa de promover actividades inclusivas para los estudiantes Erasmus que recalan en la ciudad de Val\u00e8ncia. Por sexto a\u00f1o consecutivo <em>Las peque\u00f1as Europas<\/em>visita diversas localidades valenciana, todo posibilitado por un convenio de colaboraci\u00f3n entre el \u00c1rea de Cultura de la Diputaci\u00f3 de Val\u00e8ncia i la Universitat de Val\u00e8ncia.<\/p>\n<p>Seg\u00fan los directores del proyecto Josep Valero, Anna Mar\u00ed y Daniel Tormo \u201cLas peque\u00f1as Europas se han convertido ya en un programa imprescindible del verano en nuestras comarcas, gracias a la apuesta decidida del \u00c1rea de Cultura y de la Universitat de Val\u00e8ncia\u201d. Y a\u00f1aden que, \u201ces una oportunidad muy enriquecedora para los municipios, que adem\u00e1s pueden convivir con un grupo intercultural tan amplio. Estamos muy agradecidos con la fabulosa acogida que recibimos y con todas las complicidades que se establecen: con esta experiencia se revalorizan los recursos patrimoniales municipales, se potencian sus colectivos culturales y se crean magn\u00edficos v\u00ednculos personales que generan ideas para el conocimiento social y cultural de cada pueblo que nos acoge\u201d.<\/p>\n<p>Tambi\u00e9n, el diputado de Cultura, Xavier Rius ha manifestado su satisfacci\u00f3n con un proyecto que, a\u00f1o tras a\u00f1o, coge m\u00e1s vuelo y reconocimiento por parte de los pueblos que la acogen. \u201cDesde el inicio de la legislatura vimos que hac\u00eda falta potenciar una iniciativa tan singular y garantizar la estabilidad de un proyecto tan integrador y estimulante como es <em>Las peque\u00f1as Europas<\/em>\u201d. Valencia es la ciudad que m\u00e1s estudiantes Erasmus acoge en toda Europa, y el programa de teatro social para los pueblos que hemos construido con ellos es una magn\u00edfica carta de presentaci\u00f3n del modelo integrador por el cual estamos trabajando desde diversos frentes\u201d.<\/p>\n<p><strong>\u201cLa Gran Final\u201d<\/strong><\/p>\n<p>El espect\u00e1culo de este a\u00f1o, \u201cLa Gran Final\u201d, cierra la \u201cTrilog\u00eda de las Migraciones\u201d, iniciada en 2016. Esta obra refleja el drama de los refugiados y sus problemas de integraci\u00f3n.<\/p>\n<p>A parte del espect\u00e1culo, la gira promueve las actividades de convivencia entre la compa\u00f1\u00eda de teatro y cada pueblo que acoge la obra, fomentando actos formativos y de valorizaci\u00f3n del patrimonio local, como son las clases magistrales de teatro o determinadas rutas guiadas por el patrimonio local. Fruto de estos contactos se est\u00e1n adem\u00e1s, tejiendo diversas colaboraciones entre los actores y actrices de la compa\u00f1\u00eda con algunos municipios, que seguro que pueden dar muy buenos resultados en el futuro. Hay que destacar que, por primera vez, entre los actores y actrices se encuentran cuatro personas refugiadas de Gambia, Camer\u00fan, Siria y Colombia.<\/p>\n<p><strong>Una huella multicultural en la naturaleza<\/strong><\/p>\n<p>Como colof\u00f3n de la gira, finalizada en Carr\u00edcola el pasado 15 de julio, se realiz\u00f3 la plantaci\u00f3n del \u201cJard\u00edn de las Culturas\u201d, una instalaci\u00f3n art\u00edstica y natural donde se plantaron especies arb\u00f3reas que representaban las diferentes nacionalidades presentes en la compa\u00f1\u00eda de Escena Erasmus de este a\u00f1o. El jard\u00edn se engloba dentro del proyecto \u201cBiodivers\u201d y contar\u00e1 con un mirador de jazm\u00edn y una gu\u00eda de los \u00e1rboles acompa\u00f1ados por textos escritos por los miembros de la compa\u00f1\u00eda teatral.<\/p>\n","protected":false},"excerpt":{"rendered":"<div class=\"mh-excerpt\">Un a\u00f1o m\u00e1s el programa de teatro amateur \u201cLas peque\u00f1as Europas\u201d ha estado de gira por los pueblos valencianos. Se trata de un reconocido proyecto de Escena Erasmus, un grupo de teatro consolidado con sede <a class=\"mh-excerpt-more\" href=\"https:\/\/www.tucomarca.com\/wordpress\/segunda\/cerca-de-cinco-mil-espectadores-han-disfrutado-de-la-obra-la-gran-final-de-escena-erasmus\/\" title=\"Cerca de cinco mil espectadores han disfrutado de la obra \u2018La gran final\u2019, de Escena Erasmus\">[+] <\/a><\/div>\n","protected":false},"author":1,"featured_media":71464,"comment_status":"open","ping_status":"open","sticky":false,"template":"","format":"standard","meta":{"footnotes":""},"categories":[8,7,3,45],"tags":[204],"class_list":{"0":"post-71463","1":"post","2":"type-post","3":"status-publish","4":"format-standard","5":"has-post-thumbnail","7":"category-la-comarca","8":"category-ocio-y-cultura","9":"category-seccion","10":"category-ventana","11":"tag-diputacion"},"_links":{"self":[{"href":"https:\/\/www.tucomarca.com\/wordpress\/segunda\/wp-json\/wp\/v2\/posts\/71463","targetHints":{"allow":["GET"]}}],"collection":[{"href":"https:\/\/www.tucomarca.com\/wordpress\/segunda\/wp-json\/wp\/v2\/posts"}],"about":[{"href":"https:\/\/www.tucomarca.com\/wordpress\/segunda\/wp-json\/wp\/v2\/types\/post"}],"author":[{"embeddable":true,"href":"https:\/\/www.tucomarca.com\/wordpress\/segunda\/wp-json\/wp\/v2\/users\/1"}],"replies":[{"embeddable":true,"href":"https:\/\/www.tucomarca.com\/wordpress\/segunda\/wp-json\/wp\/v2\/comments?post=71463"}],"version-history":[{"count":0,"href":"https:\/\/www.tucomarca.com\/wordpress\/segunda\/wp-json\/wp\/v2\/posts\/71463\/revisions"}],"wp:featuredmedia":[{"embeddable":true,"href":"https:\/\/www.tucomarca.com\/wordpress\/segunda\/wp-json\/wp\/v2\/media\/71464"}],"wp:attachment":[{"href":"https:\/\/www.tucomarca.com\/wordpress\/segunda\/wp-json\/wp\/v2\/media?parent=71463"}],"wp:term":[{"taxonomy":"category","embeddable":true,"href":"https:\/\/www.tucomarca.com\/wordpress\/segunda\/wp-json\/wp\/v2\/categories?post=71463"},{"taxonomy":"post_tag","embeddable":true,"href":"https:\/\/www.tucomarca.com\/wordpress\/segunda\/wp-json\/wp\/v2\/tags?post=71463"}],"curies":[{"name":"wp","href":"https:\/\/api.w.org\/{rel}","templated":true}]}}