{"id":71608,"date":"2018-07-31T22:35:17","date_gmt":"2018-07-31T20:35:17","guid":{"rendered":"http:\/\/www.tucomarca.com\/wordpress\/segunda\/?p=71608"},"modified":"2018-07-31T22:35:17","modified_gmt":"2018-07-31T20:35:17","slug":"foto-galeria-la-cena-de-quintas-vuelve-con-exito-a-turis","status":"publish","type":"post","link":"https:\/\/www.tucomarca.com\/wordpress\/segunda\/foto-galeria-la-cena-de-quintas-vuelve-con-exito-a-turis\/","title":{"rendered":"Foto galer\u00eda: La cena de quintas vuelve con \u00e9xito a Tur\u00eds"},"content":{"rendered":"<figure id=\"attachment_71596\" aria-describedby=\"caption-attachment-71596\" style=\"width: 388px\" class=\"wp-caption alignleft\"><img loading=\"lazy\" decoding=\"async\" class=\" wp-image-71595\" src=\"https:\/\/www.tucomarca.com\/wordpress\/segunda\/wp-content\/uploads\/2018\/07\/Festerasipadres.jpg\" alt=\"Las festeras con sus padres y madres.\" width=\"388\" height=\"291\" srcset=\"https:\/\/www.tucomarca.com\/wordpress\/segunda\/wp-content\/uploads\/2018\/07\/Festerasipadres.jpg 960w, https:\/\/www.tucomarca.com\/wordpress\/segunda\/wp-content\/uploads\/2018\/07\/Festerasipadres-300x225.jpg 300w, https:\/\/www.tucomarca.com\/wordpress\/segunda\/wp-content\/uploads\/2018\/07\/Festerasipadres-768x576.jpg 768w\" sizes=\"auto, (max-width: 388px) 100vw, 388px\" \/><figcaption id=\"caption-attachment-71596\" class=\"wp-caption-text\">Las festeras con sus padres y madres.<\/figcaption><\/figure>\n<p>Armon\u00eda y buen humor es lo que se vive todos los a\u00f1os en la cena de quintas de Tur\u00eds. Una cita que con s\u00f3lo tres a\u00f1os se ha consolidado de manera firme en el calendario de las fiestas del pueblo. Algo m\u00e1s de mil personas se concentraron en la Plaza Vicent Ribes abarcando desde la quinta del 34 hasta la del 2001. El l\u00edmite de edad se difumin\u00f3 a la hora de pasarlo bien en una noche donde tambi\u00e9n cobraron especial protagonismo las quintas que cumplen 25 y 50 a\u00f1os.<\/p>\n<div id='gallery-1' class='gallery galleryid-71608 gallery-columns-3 gallery-size-full'><figure class='gallery-item'>\n\t\t\t<div class='gallery-icon landscape'>\n\t\t\t\t<a href='https:\/\/www.tucomarca.com\/wordpress\/segunda\/foto-galeria-la-cena-de-quintas-vuelve-con-exito-a-turis\/2-2-2\/'><img loading=\"lazy\" decoding=\"async\" width=\"3088\" height=\"2056\" src=\"https:\/\/www.tucomarca.com\/wordpress\/segunda\/wp-content\/uploads\/2018\/07\/2.jpg\" class=\"attachment-full size-full\" alt=\"\" srcset=\"https:\/\/www.tucomarca.com\/wordpress\/segunda\/wp-content\/uploads\/2018\/07\/2.jpg 3088w, https:\/\/www.tucomarca.com\/wordpress\/segunda\/wp-content\/uploads\/2018\/07\/2-300x200.jpg 300w, https:\/\/www.tucomarca.com\/wordpress\/segunda\/wp-content\/uploads\/2018\/07\/2-768x511.jpg 768w, https:\/\/www.tucomarca.com\/wordpress\/segunda\/wp-content\/uploads\/2018\/07\/2-1024x682.jpg 1024w\" sizes=\"auto, (max-width: 3088px) 100vw, 3088px\" \/><\/a>\n\t\t\t<\/div><\/figure><figure class='gallery-item'>\n\t\t\t<div class='gallery-icon landscape'>\n\t\t\t\t<a href='https:\/\/www.tucomarca.com\/wordpress\/segunda\/foto-galeria-la-cena-de-quintas-vuelve-con-exito-a-turis\/quinta25-2\/'><img loading=\"lazy\" decoding=\"async\" width=\"3088\" height=\"2056\" src=\"https:\/\/www.tucomarca.com\/wordpress\/segunda\/wp-content\/uploads\/2018\/07\/Quinta25.jpg\" class=\"attachment-full size-full\" alt=\"\" srcset=\"https:\/\/www.tucomarca.com\/wordpress\/segunda\/wp-content\/uploads\/2018\/07\/Quinta25.jpg 3088w, https:\/\/www.tucomarca.com\/wordpress\/segunda\/wp-content\/uploads\/2018\/07\/Quinta25-300x200.jpg 300w, https:\/\/www.tucomarca.com\/wordpress\/segunda\/wp-content\/uploads\/2018\/07\/Quinta25-768x511.jpg 768w, https:\/\/www.tucomarca.com\/wordpress\/segunda\/wp-content\/uploads\/2018\/07\/Quinta25-1024x682.jpg 1024w\" sizes=\"auto, (max-width: 3088px) 100vw, 3088px\" \/><\/a>\n\t\t\t<\/div><\/figure><figure class='gallery-item'>\n\t\t\t<div class='gallery-icon landscape'>\n\t\t\t\t<a href='https:\/\/www.tucomarca.com\/wordpress\/segunda\/foto-galeria-la-cena-de-quintas-vuelve-con-exito-a-turis\/quinta50-2\/'><img loading=\"lazy\" decoding=\"async\" width=\"3088\" height=\"2056\" src=\"https:\/\/www.tucomarca.com\/wordpress\/segunda\/wp-content\/uploads\/2018\/07\/Quinta50.jpg\" class=\"attachment-full size-full\" alt=\"\" srcset=\"https:\/\/www.tucomarca.com\/wordpress\/segunda\/wp-content\/uploads\/2018\/07\/Quinta50.jpg 3088w, https:\/\/www.tucomarca.com\/wordpress\/segunda\/wp-content\/uploads\/2018\/07\/Quinta50-300x200.jpg 300w, https:\/\/www.tucomarca.com\/wordpress\/segunda\/wp-content\/uploads\/2018\/07\/Quinta50-768x511.jpg 768w, https:\/\/www.tucomarca.com\/wordpress\/segunda\/wp-content\/uploads\/2018\/07\/Quinta50-1024x682.jpg 1024w\" sizes=\"auto, (max-width: 3088px) 100vw, 3088px\" \/><\/a>\n\t\t\t<\/div><\/figure><figure class='gallery-item'>\n\t\t\t<div class='gallery-icon landscape'>\n\t\t\t\t<a href='https:\/\/www.tucomarca.com\/wordpress\/segunda\/foto-galeria-la-cena-de-quintas-vuelve-con-exito-a-turis\/festerasipadres-2-2\/'><img loading=\"lazy\" decoding=\"async\" width=\"960\" height=\"720\" src=\"https:\/\/www.tucomarca.com\/wordpress\/segunda\/wp-content\/uploads\/2018\/07\/Festerasipadres-1.jpg\" class=\"attachment-full size-full\" alt=\"\" srcset=\"https:\/\/www.tucomarca.com\/wordpress\/segunda\/wp-content\/uploads\/2018\/07\/Festerasipadres-1.jpg 960w, https:\/\/www.tucomarca.com\/wordpress\/segunda\/wp-content\/uploads\/2018\/07\/Festerasipadres-1-300x225.jpg 300w, https:\/\/www.tucomarca.com\/wordpress\/segunda\/wp-content\/uploads\/2018\/07\/Festerasipadres-1-768x576.jpg 768w\" sizes=\"auto, (max-width: 960px) 100vw, 960px\" \/><\/a>\n\t\t\t<\/div><\/figure><figure class='gallery-item'>\n\t\t\t<div class='gallery-icon landscape'>\n\t\t\t\t<a href='https:\/\/www.tucomarca.com\/wordpress\/segunda\/foto-galeria-la-cena-de-quintas-vuelve-con-exito-a-turis\/7-2-2\/'><img loading=\"lazy\" decoding=\"async\" width=\"3088\" height=\"2056\" src=\"https:\/\/www.tucomarca.com\/wordpress\/segunda\/wp-content\/uploads\/2018\/07\/7.jpg\" class=\"attachment-full size-full\" alt=\"\" srcset=\"https:\/\/www.tucomarca.com\/wordpress\/segunda\/wp-content\/uploads\/2018\/07\/7.jpg 3088w, https:\/\/www.tucomarca.com\/wordpress\/segunda\/wp-content\/uploads\/2018\/07\/7-300x200.jpg 300w, https:\/\/www.tucomarca.com\/wordpress\/segunda\/wp-content\/uploads\/2018\/07\/7-768x511.jpg 768w, https:\/\/www.tucomarca.com\/wordpress\/segunda\/wp-content\/uploads\/2018\/07\/7-1024x682.jpg 1024w\" sizes=\"auto, (max-width: 3088px) 100vw, 3088px\" \/><\/a>\n\t\t\t<\/div><\/figure>\n\t\t<\/div>\n\n","protected":false},"excerpt":{"rendered":"<div class=\"mh-excerpt\">Armon\u00eda y buen humor es lo que se vive todos los a\u00f1os en la cena de quintas de Tur\u00eds. Una cita que con s\u00f3lo tres a\u00f1os se ha consolidado de manera firme en el calendario <a class=\"mh-excerpt-more\" href=\"https:\/\/www.tucomarca.com\/wordpress\/segunda\/foto-galeria-la-cena-de-quintas-vuelve-con-exito-a-turis\/\" title=\"Foto galer\u00eda: La cena de quintas vuelve con \u00e9xito a Tur\u00eds\">[+] <\/a><\/div>\n","protected":false},"author":2,"featured_media":71596,"comment_status":"open","ping_status":"open","sticky":false,"template":"","format":"standard","meta":{"footnotes":""},"categories":[42,5,383,3,43],"tags":[10602,3640],"class_list":{"0":"post-71608","1":"post","2":"type-post","3":"status-publish","4":"format-standard","5":"has-post-thumbnail","7":"category-la-ribera","8":"category-la-semana-en-imagenes","9":"category-pueblos-en-fiestas","10":"category-seccion","11":"category-turis","12":"tag-ajuntament-de-turis","13":"tag-la-ribera-alta"},"_links":{"self":[{"href":"https:\/\/www.tucomarca.com\/wordpress\/segunda\/wp-json\/wp\/v2\/posts\/71608","targetHints":{"allow":["GET"]}}],"collection":[{"href":"https:\/\/www.tucomarca.com\/wordpress\/segunda\/wp-json\/wp\/v2\/posts"}],"about":[{"href":"https:\/\/www.tucomarca.com\/wordpress\/segunda\/wp-json\/wp\/v2\/types\/post"}],"author":[{"embeddable":true,"href":"https:\/\/www.tucomarca.com\/wordpress\/segunda\/wp-json\/wp\/v2\/users\/2"}],"replies":[{"embeddable":true,"href":"https:\/\/www.tucomarca.com\/wordpress\/segunda\/wp-json\/wp\/v2\/comments?post=71608"}],"version-history":[{"count":0,"href":"https:\/\/www.tucomarca.com\/wordpress\/segunda\/wp-json\/wp\/v2\/posts\/71608\/revisions"}],"wp:featuredmedia":[{"embeddable":true,"href":"https:\/\/www.tucomarca.com\/wordpress\/segunda\/wp-json\/wp\/v2\/media\/71596"}],"wp:attachment":[{"href":"https:\/\/www.tucomarca.com\/wordpress\/segunda\/wp-json\/wp\/v2\/media?parent=71608"}],"wp:term":[{"taxonomy":"category","embeddable":true,"href":"https:\/\/www.tucomarca.com\/wordpress\/segunda\/wp-json\/wp\/v2\/categories?post=71608"},{"taxonomy":"post_tag","embeddable":true,"href":"https:\/\/www.tucomarca.com\/wordpress\/segunda\/wp-json\/wp\/v2\/tags?post=71608"}],"curies":[{"name":"wp","href":"https:\/\/api.w.org\/{rel}","templated":true}]}}