{"id":71643,"date":"2018-08-01T01:32:01","date_gmt":"2018-07-31T23:32:01","guid":{"rendered":"http:\/\/www.tucomarca.com\/wordpress\/segunda\/?p=71643"},"modified":"2018-08-01T01:32:01","modified_gmt":"2018-07-31T23:32:01","slug":"proteccion-civil-y-emergencias-alertan-por-altas-temperaturas-en-la-peninsula-durante-los-proximos-dias","status":"publish","type":"post","link":"https:\/\/www.tucomarca.com\/wordpress\/segunda\/proteccion-civil-y-emergencias-alertan-por-altas-temperaturas-en-la-peninsula-durante-los-proximos-dias\/","title":{"rendered":"Protecci\u00f3n Civil y Emergencias alertan por altas temperaturas en la pen\u00ednsula durante los pr\u00f3ximos d\u00edas"},"content":{"rendered":"<p>Protecci\u00f3n Civil y Emergencias del Ministerio del Interior, de acuerdo con las predicciones de la Agencia Estatal de Meteorolog\u00eda (AEMET), alerta por altas temperaturas en toda la pen\u00ednsula, salvo zonas costeras, durante los pr\u00f3ximos d\u00edas, especialmente en Extremadura, Andaluc\u00eda, Castilla-La Mancha, Madrid, Castilla y Le\u00f3n,<span class=\"Apple-converted-space\">\u00a0 <\/span>La Rioja, Navarra,<span class=\"Apple-converted-space\">\u00a0 <\/span>Arag\u00f3n y zonas de Galicia.<\/p>\n<p>Los registros se situar\u00e1n en torno a los 40\u00baC que incluso podr\u00edan superarse en Extremadura y en zonas de Andaluc\u00eda, Castilla-La Mancha, Madrid y Arag\u00f3n, adem\u00e1s de la provincia de Orense.<\/p>\n<p>La ola de calor se iniciar\u00e1 ma\u00f1ana mi\u00e9rcoles 1 de agosto y se prev\u00e9 que perdure hasta el pr\u00f3ximo lunes, d\u00eda 6<span class=\"Apple-converted-space\">\u00a0<\/span><\/p>\n<p>Es importante recordar que las altas temperaturas facilitan la propagaci\u00f3n de incendios forestales, por lo que se recomienda extremar las precauciones en las actividades en el campo y atender las normas de la Comunidad Aut\u00f3noma.<\/p>\n<p>Recomendaciones<\/p>\n<p>Ante altas temperaturas, es importante seguir las indicaciones del Ministerio de Sanidad. Entre ellas:<\/p>\n<ul>\n<li>Limite la exposici\u00f3n al sol.<\/li>\n<li>Mant\u00e9ngase en lugar bien ventilado.<\/li>\n<li>Ingiera comidas ligeras y regulares, ricas en agua y sales minerales, como frutas y hortalizas.<span class=\"Apple-converted-space\">\u00a0<\/span><\/li>\n<li>Beba frecuentemente agua o l\u00edquidos.<\/li>\n<li>V\u00edstase con ropa de colores claros, cubriendo la mayor superficie de piel posible y la cabeza.<\/li>\n<li>Evite ejercicios f\u00edsicos prolongados en las horas centrales del d\u00eda.<\/li>\n<li>Inter\u00e9sese por las personas mayores y enfermas, y aqu\u00e9llas que vivan solas o aisladas.<\/li>\n<\/ul>\n<p>Para prevenir incendios forestales:<\/p>\n<ul>\n<li>Preste especial atenci\u00f3n a las normas de la Comunidad Aut\u00f3noma sobre prevenci\u00f3n de incendios y periodos autorizados para realizar quemas de rastrojos.<\/li>\n<li>Evite arrojar cigarrillos, basuras y, especialmente, botellas de vidrio que hacen efecto lupa con el sol. Las negligencias provocan gran parte de incendios forestales.<\/li>\n<li>Se proh\u00edbe encender fuegos u hogueras en el monte y terrenos pr\u00f3ximos.<\/li>\n<li>Acampe s\u00f3lo en zonas autorizadas, puesto que \u00e9stas cuentan con medidas de protecci\u00f3n frente a un posible incendio y es m\u00e1s f\u00e1cil la evacuaci\u00f3n.<\/li>\n<li>Avise al 112 inmediatamente, si descubre el fuego en su inicio,.<\/li>\n<li>En caso de verse sorprendido por un incendio, evite penetrar en el monte o bosque. Vaya siempre por zonas de gran visibilidad y libres de combustible.<\/li>\n<li>En caso de emergencia por incendio forestal, atienda siempre las indicaciones de las autoridades competentes.<\/li>\n<li>Tenga en cuenta que las altas temperaturas favorecen el riesgo de incendios forestales. Extreme las precauciones.<\/li>\n<\/ul>\n","protected":false},"excerpt":{"rendered":"<div class=\"mh-excerpt\">Protecci\u00f3n Civil y Emergencias del Ministerio del Interior, de acuerdo con las predicciones de la Agencia Estatal de Meteorolog\u00eda (AEMET), alerta por altas temperaturas en toda la pen\u00ednsula, salvo zonas costeras, durante los pr\u00f3ximos d\u00edas, <a class=\"mh-excerpt-more\" href=\"https:\/\/www.tucomarca.com\/wordpress\/segunda\/proteccion-civil-y-emergencias-alertan-por-altas-temperaturas-en-la-peninsula-durante-los-proximos-dias\/\" title=\"Protecci\u00f3n Civil y Emergencias alertan por altas temperaturas en la pen\u00ednsula durante los pr\u00f3ximos d\u00edas\">[+] <\/a><\/div>\n","protected":false},"author":1,"featured_media":57377,"comment_status":"open","ping_status":"open","sticky":false,"template":"","format":"standard","meta":{"footnotes":""},"categories":[8,72,117,3,45],"tags":[389,8142],"class_list":{"0":"post-71643","1":"post","2":"type-post","3":"status-publish","4":"format-standard","5":"has-post-thumbnail","7":"category-la-comarca","8":"category-sin-categorizar","9":"category-medio-ambiente-la-comarca","10":"category-seccion","11":"category-ventana","12":"tag-ola-de-calor","13":"tag-temperaturas"},"_links":{"self":[{"href":"https:\/\/www.tucomarca.com\/wordpress\/segunda\/wp-json\/wp\/v2\/posts\/71643","targetHints":{"allow":["GET"]}}],"collection":[{"href":"https:\/\/www.tucomarca.com\/wordpress\/segunda\/wp-json\/wp\/v2\/posts"}],"about":[{"href":"https:\/\/www.tucomarca.com\/wordpress\/segunda\/wp-json\/wp\/v2\/types\/post"}],"author":[{"embeddable":true,"href":"https:\/\/www.tucomarca.com\/wordpress\/segunda\/wp-json\/wp\/v2\/users\/1"}],"replies":[{"embeddable":true,"href":"https:\/\/www.tucomarca.com\/wordpress\/segunda\/wp-json\/wp\/v2\/comments?post=71643"}],"version-history":[{"count":0,"href":"https:\/\/www.tucomarca.com\/wordpress\/segunda\/wp-json\/wp\/v2\/posts\/71643\/revisions"}],"wp:featuredmedia":[{"embeddable":true,"href":"https:\/\/www.tucomarca.com\/wordpress\/segunda\/wp-json\/wp\/v2\/media\/57377"}],"wp:attachment":[{"href":"https:\/\/www.tucomarca.com\/wordpress\/segunda\/wp-json\/wp\/v2\/media?parent=71643"}],"wp:term":[{"taxonomy":"category","embeddable":true,"href":"https:\/\/www.tucomarca.com\/wordpress\/segunda\/wp-json\/wp\/v2\/categories?post=71643"},{"taxonomy":"post_tag","embeddable":true,"href":"https:\/\/www.tucomarca.com\/wordpress\/segunda\/wp-json\/wp\/v2\/tags?post=71643"}],"curies":[{"name":"wp","href":"https:\/\/api.w.org\/{rel}","templated":true}]}}