{"id":71661,"date":"2018-08-02T22:27:37","date_gmt":"2018-08-02T20:27:37","guid":{"rendered":"http:\/\/www.tucomarca.com\/wordpress\/segunda\/?p=71661"},"modified":"2018-08-02T22:27:37","modified_gmt":"2018-08-02T20:27:37","slug":"la-diputacio-de-valencia-se-suma-a-un-nuevo-proyecto-europeo-centrado-en-la-rehabilitacion-de-barrancos-para-luchar-contra-los-efectos-del-cambio-climatico","status":"publish","type":"post","link":"https:\/\/www.tucomarca.com\/wordpress\/segunda\/la-diputacio-de-valencia-se-suma-a-un-nuevo-proyecto-europeo-centrado-en-la-rehabilitacion-de-barrancos-para-luchar-contra-los-efectos-del-cambio-climatico\/","title":{"rendered":"La Diputaci\u00f3 de Val\u00e8ncia se suma a un nuevo proyecto europeo centrado en la rehabilitaci\u00f3n de barrancos para luchar contra los efectos del cambio clim\u00e1tico"},"content":{"rendered":"<figure id=\"attachment_71659\" aria-describedby=\"caption-attachment-71659\" style=\"width: 397px\" class=\"wp-caption alignleft\"><img loading=\"lazy\" decoding=\"async\" class=\" wp-image-71658\" src=\"https:\/\/www.tucomarca.com\/wordpress\/segunda\/wp-content\/uploads\/2018\/08\/IMG_2424.jpg\" alt=\"L'\u00e0rea de Projectes Europeus conforma un consorci junt amb la UPV, Sustainable Towns SL (Barri la Pinnada) , Projar i Kveloce.\" width=\"397\" height=\"264\" srcset=\"https:\/\/www.tucomarca.com\/wordpress\/segunda\/wp-content\/uploads\/2018\/08\/IMG_2424.jpg 6000w, https:\/\/www.tucomarca.com\/wordpress\/segunda\/wp-content\/uploads\/2018\/08\/IMG_2424-300x200.jpg 300w, https:\/\/www.tucomarca.com\/wordpress\/segunda\/wp-content\/uploads\/2018\/08\/IMG_2424-768x512.jpg 768w, https:\/\/www.tucomarca.com\/wordpress\/segunda\/wp-content\/uploads\/2018\/08\/IMG_2424-1024x683.jpg 1024w\" sizes=\"auto, (max-width: 397px) 100vw, 397px\" \/><figcaption id=\"caption-attachment-71659\" class=\"wp-caption-text\">L&#8217;\u00e0rea de Projectes Europeus conforma un consorci junt amb la UPV, Sustainable Towns SL (Barri la Pinnada) , Projar i Kveloce.<\/figcaption><\/figure>\n<p>La Diputaci\u00f3n de Valencia, a trav\u00e9s del \u00e1rea de Proyectos Europeos que dirige el diputado provincial Bartolom\u00e9 Nofuentes, se ha sumergido en un nuevo proyecto europeo con el objetivo de luchar contra los efectos que el cambio clim\u00e1tico est\u00e1 produciendo.<\/p>\n<p>Para ello, ha constituido un consorcio formado por la propia instituci\u00f3n valenciana, la Universidad Polit\u00e9cnica de Valencia, Projar, Sustainable Towns (Barrio la Pinada) y Kveloce.<\/p>\n<p>Se trata de una iniciativa que tiene como objetivo la rehabilitaci\u00f3n y estabilizaci\u00f3n del suelo de los barrancos que est\u00e1n sufriendo una gran erosi\u00f3n causada por la sequ\u00eda y las lluvias extremas concentradas en tan solo dos periodos, lo que supone un peligro tanto para la ciudadan\u00eda como para el medio por el riesgo de inundaciones.<\/p>\n<p>En concreto, el proyecto se va a desarrollar en el barranco de la Endol\u00e7a, en el t\u00e9rmino municipal de Paterna, creando a lo largo de un kil\u00f3metro una infraestructura verde para paliar los problemas estructurales que se han detectado en este \u00e1rea.<\/p>\n<p>As\u00ed, se llevar\u00e1n a cabo diferentes t\u00e9cnicas innovadoras y sostenibles, permitiendo que se dise\u00f1e una gu\u00eda de buenas pr\u00e1cticas en las que cada actuaci\u00f3n estar\u00e1 debidamente analizada, lo que posteriormente servir\u00e1 de modelo para futuras intervenciones en otros barrancos.<\/p>\n<p>Una iniciativa que el diputado de Proyectos Europeos ha aplaudido, asegurando que \u201cse trata de un trabajo que tiene como motor aspectos primordiales en nuestras pol\u00edticas, como lo son la sostenibilidad y el respeto al medio ambiente\u201d.<\/p>\n<p>\u201cAdem\u00e1s, a trav\u00e9s de este proyecto, se est\u00e1 poniendo remedio a un problema al que muchas localidades valencianas se tienen que enfrentar, consiguiendo una soluci\u00f3n local a un problema generado a nivel global\u201d, ha se\u00f1alado Nofuentes.<\/p>\n<p>Por su parte, el alcalde de Paterna, Juan Antonio Sagredo lo ha calificado de \u201cgran noticia\u201d y ha asegurado que \u201ceste proyecto ayudar\u00e1 a conseguir la Paterna sostenible en la que estamos trabajando\u201d.<\/p>\n<p>\u201cEstamos muy agradecidos al consorcio apoyado por la Diputaci\u00f3n de Valencia, en el que vamos a trabajar codo con codo por esta hist\u00f3rica infraestructura, que necesitaba una actualizaci\u00f3n de este calado\u201d, ha concluido el edil.<\/p>\n<p>El proyecto, que cuenta con un presupuesto de de cuatro millones de euros y una duraci\u00f3n de cuatro a\u00f1os, opta a presentarse al programa de financiaci\u00f3n europeo Life en septiembre.<\/p>\n","protected":false},"excerpt":{"rendered":"<div class=\"mh-excerpt\">La Diputaci\u00f3n de Valencia, a trav\u00e9s del \u00e1rea de Proyectos Europeos que dirige el diputado provincial Bartolom\u00e9 Nofuentes, se ha sumergido en un nuevo proyecto europeo con el objetivo de luchar contra los efectos que <a class=\"mh-excerpt-more\" href=\"https:\/\/www.tucomarca.com\/wordpress\/segunda\/la-diputacio-de-valencia-se-suma-a-un-nuevo-proyecto-europeo-centrado-en-la-rehabilitacion-de-barrancos-para-luchar-contra-los-efectos-del-cambio-climatico\/\" title=\"La Diputaci\u00f3 de Val\u00e8ncia se suma a un nuevo proyecto europeo centrado en la rehabilitaci\u00f3n de barrancos para luchar contra los efectos del cambio clim\u00e1tico\">[+] <\/a><\/div>\n","protected":false},"author":1,"featured_media":71659,"comment_status":"open","ping_status":"open","sticky":false,"template":"","format":"standard","meta":{"footnotes":""},"categories":[169,128,8,72,117,142,3,45],"tags":[204],"class_list":{"0":"post-71661","1":"post","2":"type-post","3":"status-publish","4":"format-standard","5":"has-post-thumbnail","7":"category-agricultura-la-comarca","8":"category-infraestructuras","9":"category-la-comarca","10":"category-sin-categorizar","11":"category-medio-ambiente-la-comarca","12":"category-politica-la-comarca","13":"category-seccion","14":"category-ventana","15":"tag-diputacion"},"_links":{"self":[{"href":"https:\/\/www.tucomarca.com\/wordpress\/segunda\/wp-json\/wp\/v2\/posts\/71661","targetHints":{"allow":["GET"]}}],"collection":[{"href":"https:\/\/www.tucomarca.com\/wordpress\/segunda\/wp-json\/wp\/v2\/posts"}],"about":[{"href":"https:\/\/www.tucomarca.com\/wordpress\/segunda\/wp-json\/wp\/v2\/types\/post"}],"author":[{"embeddable":true,"href":"https:\/\/www.tucomarca.com\/wordpress\/segunda\/wp-json\/wp\/v2\/users\/1"}],"replies":[{"embeddable":true,"href":"https:\/\/www.tucomarca.com\/wordpress\/segunda\/wp-json\/wp\/v2\/comments?post=71661"}],"version-history":[{"count":0,"href":"https:\/\/www.tucomarca.com\/wordpress\/segunda\/wp-json\/wp\/v2\/posts\/71661\/revisions"}],"wp:featuredmedia":[{"embeddable":true,"href":"https:\/\/www.tucomarca.com\/wordpress\/segunda\/wp-json\/wp\/v2\/media\/71659"}],"wp:attachment":[{"href":"https:\/\/www.tucomarca.com\/wordpress\/segunda\/wp-json\/wp\/v2\/media?parent=71661"}],"wp:term":[{"taxonomy":"category","embeddable":true,"href":"https:\/\/www.tucomarca.com\/wordpress\/segunda\/wp-json\/wp\/v2\/categories?post=71661"},{"taxonomy":"post_tag","embeddable":true,"href":"https:\/\/www.tucomarca.com\/wordpress\/segunda\/wp-json\/wp\/v2\/tags?post=71661"}],"curies":[{"name":"wp","href":"https:\/\/api.w.org\/{rel}","templated":true}]}}