{"id":71672,"date":"2018-08-06T13:08:04","date_gmt":"2018-08-06T11:08:04","guid":{"rendered":"http:\/\/www.tucomarca.com\/wordpress\/segunda\/?p=71672"},"modified":"2018-08-06T13:08:04","modified_gmt":"2018-08-06T11:08:04","slug":"el-nuevo-cd%e2%80%88cheste-arranca-la-pretemporada","status":"publish","type":"post","link":"https:\/\/www.tucomarca.com\/wordpress\/segunda\/el-nuevo-cd%e2%80%88cheste-arranca-la-pretemporada\/","title":{"rendered":"El nuevo CD\u2008Cheste arranca la pretemporada"},"content":{"rendered":"<p>A partir de hoy se\u00a0puede ver de nuevo en marcha al nuevo CD Cheste 2018-19. Durante las primeras cinco semanas se har\u00e1n cuatro entrenamientos semanales, con sus respectivos partidos amistosos; sexta semana dos entrenamientos dos d\u00edas m\u00e1s el partido de ida.<\/p>\n<p>A lo largo de la temporada nos encontraremos con nuevas caras para el club azul\u00f3n, como Nacho y Marcos\u00a0como metas, Iv\u00e1n como central, Chispa de lateral izquierdo, Pablo Igarza, Brian reci\u00e9n incorporado del equipo vecino Tur\u00eds, uno muy importante para las arcas goleadoras del club, procedente del Chiva, jugador que comparti\u00f3 vestuario con el reciente entrenador, Juan S\u00e1nchez, como es Alejandro Godoy, m\u00e1ximo artillero del equipo y de los m\u00e1s goleadores del grupo&#8230;<\/p>\n<p>Resumiendo, 18 jugadores, a los que se sumar\u00e1n seguramente, seg\u00fan Juan S\u00e1nchez \u00abal menos 2 jugadores del pueblo\u00bb y el mercado sigue abierto. Se esperan entre otros fichajes un buen bando y alguien que engrase la sala de m\u00e1quinas. Informa, <strong>Ra\u00fal Miralles<\/strong> @raulmks<\/p>\n","protected":false},"excerpt":{"rendered":"<div class=\"mh-excerpt\">A partir de hoy se\u00a0puede ver de nuevo en marcha al nuevo CD Cheste 2018-19. Durante las primeras cinco semanas se har\u00e1n cuatro entrenamientos semanales, con sus respectivos partidos amistosos; sexta semana dos entrenamientos dos <a class=\"mh-excerpt-more\" href=\"https:\/\/www.tucomarca.com\/wordpress\/segunda\/el-nuevo-cd%e2%80%88cheste-arranca-la-pretemporada\/\" title=\"El nuevo CD\u2008Cheste arranca la pretemporada\">[+] <\/a><\/div>\n","protected":false},"author":1,"featured_media":67751,"comment_status":"open","ping_status":"open","sticky":false,"template":"","format":"standard","meta":{"footnotes":""},"categories":[50,17,6,72,10,3],"tags":[469,5952],"class_list":{"0":"post-71672","1":"post","2":"type-post","3":"status-publish","4":"format-standard","5":"has-post-thumbnail","7":"category-futbol-deportes","8":"category-cheste","9":"category-deportes","10":"category-sin-categorizar","11":"category-la-hoya","12":"category-seccion","13":"tag-cd-cheste","14":"tag-la-hoya-de-bunol-chiva"},"_links":{"self":[{"href":"https:\/\/www.tucomarca.com\/wordpress\/segunda\/wp-json\/wp\/v2\/posts\/71672","targetHints":{"allow":["GET"]}}],"collection":[{"href":"https:\/\/www.tucomarca.com\/wordpress\/segunda\/wp-json\/wp\/v2\/posts"}],"about":[{"href":"https:\/\/www.tucomarca.com\/wordpress\/segunda\/wp-json\/wp\/v2\/types\/post"}],"author":[{"embeddable":true,"href":"https:\/\/www.tucomarca.com\/wordpress\/segunda\/wp-json\/wp\/v2\/users\/1"}],"replies":[{"embeddable":true,"href":"https:\/\/www.tucomarca.com\/wordpress\/segunda\/wp-json\/wp\/v2\/comments?post=71672"}],"version-history":[{"count":0,"href":"https:\/\/www.tucomarca.com\/wordpress\/segunda\/wp-json\/wp\/v2\/posts\/71672\/revisions"}],"wp:featuredmedia":[{"embeddable":true,"href":"https:\/\/www.tucomarca.com\/wordpress\/segunda\/wp-json\/wp\/v2\/media\/67751"}],"wp:attachment":[{"href":"https:\/\/www.tucomarca.com\/wordpress\/segunda\/wp-json\/wp\/v2\/media?parent=71672"}],"wp:term":[{"taxonomy":"category","embeddable":true,"href":"https:\/\/www.tucomarca.com\/wordpress\/segunda\/wp-json\/wp\/v2\/categories?post=71672"},{"taxonomy":"post_tag","embeddable":true,"href":"https:\/\/www.tucomarca.com\/wordpress\/segunda\/wp-json\/wp\/v2\/tags?post=71672"}],"curies":[{"name":"wp","href":"https:\/\/api.w.org\/{rel}","templated":true}]}}