{"id":71700,"date":"2018-08-02T21:48:51","date_gmt":"2018-08-02T19:48:51","guid":{"rendered":"http:\/\/www.tucomarca.com\/wordpress\/segunda\/?p=71700"},"modified":"2018-08-02T21:48:51","modified_gmt":"2018-08-02T19:48:51","slug":"la-unio-cree-que-el-plan-de-desarrollo-agrario-de-lhorta-de-valencia-es-una-oportunidad-para-que-los-agricultores-hagan-mas-viables-sus-explotaciones-y-ganen-en-competividad","status":"publish","type":"post","link":"https:\/\/www.tucomarca.com\/wordpress\/segunda\/la-unio-cree-que-el-plan-de-desarrollo-agrario-de-lhorta-de-valencia-es-una-oportunidad-para-que-los-agricultores-hagan-mas-viables-sus-explotaciones-y-ganen-en-competividad\/","title":{"rendered":"LA UNI\u00d3 cree que el Plan de Desarrollo Agrario de l\u2019Horta de Val\u00e8ncia es una oportunidad para que los agricultores hagan m\u00e1s viables sus explotaciones y ganen en competividad"},"content":{"rendered":"<figure id=\"attachment_71701\" aria-describedby=\"caption-attachment-71701\" style=\"width: 406px\" class=\"wp-caption alignleft\"><img loading=\"lazy\" decoding=\"async\" class=\" wp-image-71701\" src=\"https:\/\/www.tucomarca.com\/wordpress\/segunda\/wp-content\/uploads\/2018\/08\/Horta-Val\u00e8ncia_.jpg\" alt=\"Actualmente est\u00e1 en proceso de redacci\u00f3n y LA UNI\u00d3 ya ha hecho llegar a la Conselleria de Agricultura, de quien depende, sus propuestas detalladas.\" width=\"406\" height=\"269\" srcset=\"https:\/\/www.tucomarca.com\/wordpress\/segunda\/wp-content\/uploads\/2018\/08\/Horta-Val\u00e8ncia_.jpg 1510w, https:\/\/www.tucomarca.com\/wordpress\/segunda\/wp-content\/uploads\/2018\/08\/Horta-Val\u00e8ncia_-300x199.jpg 300w, https:\/\/www.tucomarca.com\/wordpress\/segunda\/wp-content\/uploads\/2018\/08\/Horta-Val\u00e8ncia_-768x509.jpg 768w, https:\/\/www.tucomarca.com\/wordpress\/segunda\/wp-content\/uploads\/2018\/08\/Horta-Val\u00e8ncia_-1024x678.jpg 1024w\" sizes=\"auto, (max-width: 406px) 100vw, 406px\" \/><figcaption id=\"caption-attachment-71701\" class=\"wp-caption-text\">Actualmente est\u00e1 en proceso de redacci\u00f3n y LA UNI\u00d3 ya ha hecho llegar a la Conselleria de Agricultura, de quien depende, sus propuestas detalladas.<\/figcaption><\/figure>\n<p>LA UNI\u00d3 de Llauradors califica el Plan de Desarrollo Agrario de la Huerta de Valencia (PDA), actualmente en fase de redacci\u00f3n, como uno de los proyectos agr\u00edcolas m\u00e1s ambiciosos que se hayan hecho nunca en el \u00e1mbito de l\u2019Horta de Valencia y una oportunidad para los agricultores de hacer m\u00e1s viables sus explotaciones.<\/p>\n<p>La publicaci\u00f3n en el DOGV el pasado 12 de marzo de la Ley de l\u2019Horta fue el inicio para la redacci\u00f3n posterior del Plan de Desarrollo Agrario de l\u2019Horta de Val\u00e8ncia. La ley refleja en la disposici\u00f3n adicional tercera que en el plazo m\u00e1ximo de nueve meses se constituir\u00e1 el Consell de l\u2019Horta de Val\u00e8ncia y se elaborar\u00e1 el Plan de Desarrollo Agrario, cuya redacci\u00f3n es competencia exclusiva de la Conselleria de Agricultura.<\/p>\n<p>LA UNI\u00d3 siempre ha manifestado que el PDA es el Documento m\u00e1s trascendental que jam\u00e1s se haya planteado de manera integral para dise\u00f1ar la viabilidad de l\u2019Horta y que la Ley es simplemente el instrumento que posibilita que se pueda redactar este Plan tan importante para el futuro de los agricultores, ya que es el documento que recoger\u00e1 de manera detallada -y sobre todo presupuestada- las distintas acciones concretas que posibilitar\u00e1n, o al menos dar\u00e1n una oportunidad, a la viabilidad de las explotaciones agrarias y por consiguiente la pervivencia de los agricultores y, en consecuencia, el mantenimiento de un espacio \u00fanico y singular.<\/p>\n<p>LA UNI\u00d3 critica a aquellos que se limitan a desaprobar cualquier iniciativa tendente a mejorar la renta de las personas que se dedican a la agricultura en lugar de participar y aportar, cosa que por desgracia viene ocurriendo en el sector desde hace demasiado tiempo<\/p>\n<p>Durante el proceso de participaci\u00f3n, LA UNI\u00d3 ha hecho llegar a Conselleria de Agricultura un documento, fruto del consenso, en el que se recogen m\u00e1s de 250 acciones concretas, que pretenden ser la base para el inicio de la viabilidad de las explotaciones agrarias, la sostenibilidad de la actividad y la supervivencia de la huerta.<\/p>\n<p>En el PDA propuesto por LA UNI\u00d3, se pone de manifiesto la necesidad, no s\u00f3lo de proteger el espacio f\u00edsico de la huerta, sino tambi\u00e9n del agente humano que hace posible su existencia, mediante medidas de gesti\u00f3n y financiaci\u00f3n destinadas a mejorar la competitividad de la actividad agraria y su rentabilidad.<\/p>\n<p>De manera resumida las propuestas de LA UNI\u00d3 se basan en los principios b\u00e1sicos que esta organizaci\u00f3n entiende como elementos imprescindibles para el futuro de la agricultura como son la organizaci\u00f3n, la profesionalizaci\u00f3n, la informaci\u00f3n y la formaci\u00f3n del productor, la planificaci\u00f3n, la diversificaci\u00f3n, la diferenciaci\u00f3n y la innovaci\u00f3n del producto.<span class=\"Apple-converted-space\">\u00a0<\/span><\/p>\n<p>Las propuestas de LA UNI\u00d3 se han estructurado en siete ejes: propuestas preliminares, formaci\u00f3n, investigaci\u00f3n y divulgaci\u00f3n, producci\u00f3n, cadena alimentaria, comercializaci\u00f3n y consumo, infraestructuras, equipamientos y servicios, gobernanza, gesti\u00f3n y participaci\u00f3n y terciarizaci\u00f3n). Se trata de 34 l\u00edneas estrat\u00e9gicas y 258 acciones concretas.<span class=\"Apple-converted-space\">\u00a0<\/span><\/p>\n<p>Para la ejecuci\u00f3n de todas estas acciones, LA UNI\u00d3 estima que ser\u00e1n necesarias un m\u00ednimo de 12 millones de euros para la puesta en marcha y 22 millones de \u20ac anuales para la ejecuci\u00f3n de las mismas y que podr\u00edan doblarse para compensar las limitaciones, obligaciones o restricciones que puedan tener los profesionales de l\u2019Horta de Val\u00e8ncia.<span class=\"Apple-converted-space\">\u00a0<\/span><\/p>\n<p>LA UNI\u00d3, en cumplimiento de la Llei de l\u2019Horta, tambi\u00e9n ha realizado aportaciones a la redacci\u00f3n de los estatutos del Consell de l\u2019Horta de Val\u00e8ncia en los que ha solicitado que el futuro ente gestor tenga competencias tanto en todas las acciones propuestas como en las l\u00edneas de financiaci\u00f3n propuestas.<\/p>\n<p>LA UNI\u00d3 entiende que no se puede dejar pasar otra vez una oportunidad como la que se ha presentado y por eso pide al resto de agentes que propongan las acciones que consideren m\u00e1s oportunas y no se quejen tanto, ya que ahora es el momento de proponer y no despu\u00e9s cuando ya sea demasiado tarde. Al final si no se act\u00faa y nos dejamos llevar por la inercia y la din\u00e1mica actual, l\u2019Horta de Valencia \u201ctendr\u00e1 los d\u00edas contados y el agricultor y el paisaje de la huerta tal y como lo conocemos ahora formar\u00e1 parte del recuerdo y de las novelas\u201d.<\/p>\n","protected":false},"excerpt":{"rendered":"<div class=\"mh-excerpt\">LA UNI\u00d3 de Llauradors califica el Plan de Desarrollo Agrario de la Huerta de Valencia (PDA), actualmente en fase de redacci\u00f3n, como uno de los proyectos agr\u00edcolas m\u00e1s ambiciosos que se hayan hecho nunca en <a class=\"mh-excerpt-more\" href=\"https:\/\/www.tucomarca.com\/wordpress\/segunda\/la-unio-cree-que-el-plan-de-desarrollo-agrario-de-lhorta-de-valencia-es-una-oportunidad-para-que-los-agricultores-hagan-mas-viables-sus-explotaciones-y-ganen-en-competividad\/\" title=\"LA UNI\u00d3 cree que el Plan de Desarrollo Agrario de l\u2019Horta de Val\u00e8ncia es una oportunidad para que los agricultores hagan m\u00e1s viables sus explotaciones y ganen en competividad\">[+] <\/a><\/div>\n","protected":false},"author":1,"featured_media":71701,"comment_status":"open","ping_status":"open","sticky":false,"template":"","format":"standard","meta":{"footnotes":""},"categories":[169,46,128,8,72,117,3,45],"tags":[],"class_list":{"0":"post-71700","1":"post","2":"type-post","3":"status-publish","4":"format-standard","5":"has-post-thumbnail","7":"category-agricultura-la-comarca","8":"category-camp-de-turia","9":"category-infraestructuras","10":"category-la-comarca","11":"category-sin-categorizar","12":"category-medio-ambiente-la-comarca","13":"category-seccion","14":"category-ventana"},"_links":{"self":[{"href":"https:\/\/www.tucomarca.com\/wordpress\/segunda\/wp-json\/wp\/v2\/posts\/71700","targetHints":{"allow":["GET"]}}],"collection":[{"href":"https:\/\/www.tucomarca.com\/wordpress\/segunda\/wp-json\/wp\/v2\/posts"}],"about":[{"href":"https:\/\/www.tucomarca.com\/wordpress\/segunda\/wp-json\/wp\/v2\/types\/post"}],"author":[{"embeddable":true,"href":"https:\/\/www.tucomarca.com\/wordpress\/segunda\/wp-json\/wp\/v2\/users\/1"}],"replies":[{"embeddable":true,"href":"https:\/\/www.tucomarca.com\/wordpress\/segunda\/wp-json\/wp\/v2\/comments?post=71700"}],"version-history":[{"count":0,"href":"https:\/\/www.tucomarca.com\/wordpress\/segunda\/wp-json\/wp\/v2\/posts\/71700\/revisions"}],"wp:featuredmedia":[{"embeddable":true,"href":"https:\/\/www.tucomarca.com\/wordpress\/segunda\/wp-json\/wp\/v2\/media\/71701"}],"wp:attachment":[{"href":"https:\/\/www.tucomarca.com\/wordpress\/segunda\/wp-json\/wp\/v2\/media?parent=71700"}],"wp:term":[{"taxonomy":"category","embeddable":true,"href":"https:\/\/www.tucomarca.com\/wordpress\/segunda\/wp-json\/wp\/v2\/categories?post=71700"},{"taxonomy":"post_tag","embeddable":true,"href":"https:\/\/www.tucomarca.com\/wordpress\/segunda\/wp-json\/wp\/v2\/tags?post=71700"}],"curies":[{"name":"wp","href":"https:\/\/api.w.org\/{rel}","templated":true}]}}