{"id":71728,"date":"2018-08-06T12:53:38","date_gmt":"2018-08-06T10:53:38","guid":{"rendered":"http:\/\/www.tucomarca.com\/wordpress\/segunda\/?p=71728"},"modified":"2018-08-06T12:53:38","modified_gmt":"2018-08-06T10:53:38","slug":"se-instala-una-estacion-meteorologica-en-la-pobla-de-vallbona","status":"publish","type":"post","link":"https:\/\/www.tucomarca.com\/wordpress\/segunda\/se-instala-una-estacion-meteorologica-en-la-pobla-de-vallbona\/","title":{"rendered":"Se instala una estaci\u00f3n meteorol\u00f3gica en la Pobla de Vallbona"},"content":{"rendered":"<figure id=\"attachment_71729\" aria-describedby=\"caption-attachment-71729\" style=\"width: 399px\" class=\"wp-caption alignleft\"><img loading=\"lazy\" decoding=\"async\" class=\" wp-image-71729\" src=\"https:\/\/www.tucomarca.com\/wordpress\/segunda\/wp-content\/uploads\/2018\/08\/IMG-20180802-WA0000.jpg\" alt=\"El Ayuntamiento de la Pobla de Vallbona ha adquirido una estaci\u00f3n meteorol\u00f3gica en el municipio.\" width=\"399\" height=\"299\" srcset=\"https:\/\/www.tucomarca.com\/wordpress\/segunda\/wp-content\/uploads\/2018\/08\/IMG-20180802-WA0000.jpg 1600w, https:\/\/www.tucomarca.com\/wordpress\/segunda\/wp-content\/uploads\/2018\/08\/IMG-20180802-WA0000-300x225.jpg 300w, https:\/\/www.tucomarca.com\/wordpress\/segunda\/wp-content\/uploads\/2018\/08\/IMG-20180802-WA0000-768x576.jpg 768w, https:\/\/www.tucomarca.com\/wordpress\/segunda\/wp-content\/uploads\/2018\/08\/IMG-20180802-WA0000-1024x768.jpg 1024w\" sizes=\"auto, (max-width: 399px) 100vw, 399px\" \/><figcaption id=\"caption-attachment-71729\" class=\"wp-caption-text\">El Ayuntamiento de la Pobla de Vallbona ha adquirido una estaci\u00f3n meteorol\u00f3gica en el municipio.<\/figcaption><\/figure>\n<p>El Ayuntamiento de la Pobla de Vallbona ha adquirido una estaci\u00f3n meteorol\u00f3gica en el municipio, con la que se puede ofrecer a la ciudadan\u00eda informaci\u00f3n referida a las temperaturas previstas, an\u00e1lisis de pluviometr\u00eda, velocidad del viento o las previsiones sobre la humedad en el ambiente. Por el momento, es posible acceder a estos datos a trav\u00e9s de la p\u00e1gina web <a href=\"http:\/\/inforatge.com\/meteo-lapobladevallbona\">http:\/\/inforatge.com\/meteo-lapobladevallbona<\/a>, aunque est\u00e1 previsto que se incluya tambi\u00e9n en la APP La Pobla Info y en la propia p\u00e1gina web del Ayuntamiento poblano.<\/p>\n<p>El concejal de Medio Ambiente y Agricultura en el consistorio poblano, Javier Descalzo, ha explicado que esta adquisici\u00f3n se efect\u00faa por un doble motivo: \u201cPor un lado consideramos \u00fatil que nuestros vecinos y vecinas dispongan de esta informaci\u00f3n. Por otro, con esta herramienta podremos elaborar informes relativos a lluvias intensas o fuertes vientos, que en ocasiones pueden generar desperfectos en empresas del municipio, as\u00ed como en cultivos. Incluso en viviendas de particulares, se producen da\u00f1os y no siempre es sencillo justificar qu\u00e9 lo ocasion\u00f3. Con los datos que nos ofrece la estaci\u00f3n meteorol\u00f3gica ser\u00e1 m\u00e1s sencillo tramitar las reclamaciones ante las entidades aseguradoras\u201d.<\/p>\n<p>La estaci\u00f3n que se ha instalado en nuestro municipio dispone tambi\u00e9n de un sistema de alertas, que est\u00e1n conectadas con personal espec\u00edfico (Protecci\u00f3n Civil, Polic\u00eda Local), y que permiten tener constancia de vientos con una intensidad superior a la habitual, as\u00ed como lluvias especialmente abundantes: \u201cConsideramos relevante que tanto los concejales y el propio alcalde de la Pobla de Vallbona como agentes de Polic\u00eda Local o efectivos de Protecci\u00f3n Civil dispongan de una herramienta que les indique en tiempo real cualquier incidencia que pueda permitirnos dar una respuesta m\u00e1s eficaz e inmediata\u201d, a\u00f1ade el edil de Medio Ambiente y Agricultura.<\/p>\n","protected":false},"excerpt":{"rendered":"<div class=\"mh-excerpt\">El Ayuntamiento de la Pobla de Vallbona ha adquirido una estaci\u00f3n meteorol\u00f3gica en el municipio, con la que se puede ofrecer a la ciudadan\u00eda informaci\u00f3n referida a las temperaturas previstas, an\u00e1lisis de pluviometr\u00eda, velocidad del <a class=\"mh-excerpt-more\" href=\"https:\/\/www.tucomarca.com\/wordpress\/segunda\/se-instala-una-estacion-meteorologica-en-la-pobla-de-vallbona\/\" title=\"Se instala una estaci\u00f3n meteorol\u00f3gica en la Pobla de Vallbona\">[+] <\/a><\/div>\n","protected":false},"author":1,"featured_media":71729,"comment_status":"open","ping_status":"open","sticky":false,"template":"","format":"standard","meta":{"footnotes":""},"categories":[46,128,8,174,117,3],"tags":[10395,10430],"class_list":{"0":"post-71728","1":"post","2":"type-post","3":"status-publish","4":"format-standard","5":"has-post-thumbnail","7":"category-camp-de-turia","8":"category-infraestructuras","9":"category-la-comarca","10":"category-la-pobla","11":"category-medio-ambiente-la-comarca","12":"category-seccion","13":"tag-camp-de-turia","14":"tag-la-pobla"},"_links":{"self":[{"href":"https:\/\/www.tucomarca.com\/wordpress\/segunda\/wp-json\/wp\/v2\/posts\/71728","targetHints":{"allow":["GET"]}}],"collection":[{"href":"https:\/\/www.tucomarca.com\/wordpress\/segunda\/wp-json\/wp\/v2\/posts"}],"about":[{"href":"https:\/\/www.tucomarca.com\/wordpress\/segunda\/wp-json\/wp\/v2\/types\/post"}],"author":[{"embeddable":true,"href":"https:\/\/www.tucomarca.com\/wordpress\/segunda\/wp-json\/wp\/v2\/users\/1"}],"replies":[{"embeddable":true,"href":"https:\/\/www.tucomarca.com\/wordpress\/segunda\/wp-json\/wp\/v2\/comments?post=71728"}],"version-history":[{"count":0,"href":"https:\/\/www.tucomarca.com\/wordpress\/segunda\/wp-json\/wp\/v2\/posts\/71728\/revisions"}],"wp:featuredmedia":[{"embeddable":true,"href":"https:\/\/www.tucomarca.com\/wordpress\/segunda\/wp-json\/wp\/v2\/media\/71729"}],"wp:attachment":[{"href":"https:\/\/www.tucomarca.com\/wordpress\/segunda\/wp-json\/wp\/v2\/media?parent=71728"}],"wp:term":[{"taxonomy":"category","embeddable":true,"href":"https:\/\/www.tucomarca.com\/wordpress\/segunda\/wp-json\/wp\/v2\/categories?post=71728"},{"taxonomy":"post_tag","embeddable":true,"href":"https:\/\/www.tucomarca.com\/wordpress\/segunda\/wp-json\/wp\/v2\/tags?post=71728"}],"curies":[{"name":"wp","href":"https:\/\/api.w.org\/{rel}","templated":true}]}}