{"id":71829,"date":"2018-08-06T22:07:55","date_gmt":"2018-08-06T20:07:55","guid":{"rendered":"http:\/\/www.tucomarca.com\/wordpress\/segunda\/?p=71829"},"modified":"2018-08-06T22:14:05","modified_gmt":"2018-08-06T20:14:05","slug":"la-diputacio-aplaza-el-corte-de-la-cv-364-entre-benaguasil-y-pedralba-para-evitar-molestias-a-los-vecinos-en-verano","status":"publish","type":"post","link":"https:\/\/www.tucomarca.com\/wordpress\/segunda\/la-diputacio-aplaza-el-corte-de-la-cv-364-entre-benaguasil-y-pedralba-para-evitar-molestias-a-los-vecinos-en-verano\/","title":{"rendered":"La Diputaci\u00f3 aplaza el corte de la CV-364 entre Benaguasil y Pedralba para evitar molestias a los vecinos en verano"},"content":{"rendered":"<figure id=\"attachment_71830\" aria-describedby=\"caption-attachment-71830\" style=\"width: 499px\" class=\"wp-caption alignleft\"><img loading=\"lazy\" decoding=\"async\" class=\" wp-image-71830\" src=\"https:\/\/www.tucomarca.com\/wordpress\/segunda\/wp-content\/uploads\/2018\/08\/Variante-norte-de-Pedralba-02.jpg\" alt=\"Los trabajos de acondicionamiento para reforzar el firme y adecuar las cunetas dar\u00e1n comienzo a principios de septiembre.\" width=\"499\" height=\"280\" srcset=\"https:\/\/www.tucomarca.com\/wordpress\/segunda\/wp-content\/uploads\/2018\/08\/Variante-norte-de-Pedralba-02.jpg 4592w, https:\/\/www.tucomarca.com\/wordpress\/segunda\/wp-content\/uploads\/2018\/08\/Variante-norte-de-Pedralba-02-300x168.jpg 300w, https:\/\/www.tucomarca.com\/wordpress\/segunda\/wp-content\/uploads\/2018\/08\/Variante-norte-de-Pedralba-02-768x431.jpg 768w, https:\/\/www.tucomarca.com\/wordpress\/segunda\/wp-content\/uploads\/2018\/08\/Variante-norte-de-Pedralba-02-1024x574.jpg 1024w\" sizes=\"auto, (max-width: 499px) 100vw, 499px\" \/><figcaption id=\"caption-attachment-71830\" class=\"wp-caption-text\">Los trabajos de acondicionamiento para reforzar el firme y adecuar las cunetas dar\u00e1n comienzo a principios de septiembre.<\/figcaption><\/figure>\n<p>Las obras para reforzar el firme y adecuar las cunetas de la CV-364 entre Benaguasil y Pedralba comenzar\u00e1n el 3 de septiembre, para evitar as\u00ed alterar el curso del tr\u00e1fico en temporada estival. Los trabajos se realizar\u00e1n desde la intersecci\u00f3n con la carretera CV-50, pk 0+000, hasta el pk 6+000, dando continuidad a la secci\u00f3n ejecutada desde el pk 6+000 hasta el final de carretera, en la intersecci\u00f3n con la CV-376, mejorando notablemente las condiciones de seguridad y comodidad en una longitud total 6.000 metros. El presupuesto total de la obra es de 1.150.00 euros.<\/p>\n<p>Como recorrido alternativo se propone, para el tr\u00e1fico procedente de Pedralba con destino Benaguasil, continuar por la carretera CV-376 hasta conectar con la autov\u00eda CV-35 en el acceso a Ll\u00edria, en la salida 27, continuar por la CV-35 hasta la carretera CV-50, salida 21, para finalmente conectar con el inicio de la carretera CV-364 de acceso a Benaguasil. El recorrido contrario se realizar\u00eda de forma inversa.<\/p>\n<p>Como segundo recorrido alternativo, se propone acceder a Vilamarxant por la carretera CV- 370 y posteriormente por la CV-50 hasta el acceso a Benaguasil. Se permitir\u00e1 el acceso a propiedades colindantes en todo momento, as\u00ed como la apertura al tr\u00e1fico al final de cada jornada laboral.<\/p>\n","protected":false},"excerpt":{"rendered":"<div class=\"mh-excerpt\">Las obras para reforzar el firme y adecuar las cunetas de la CV-364 entre Benaguasil y Pedralba comenzar\u00e1n el 3 de septiembre, para evitar as\u00ed alterar el curso del tr\u00e1fico en temporada estival. Los trabajos <a class=\"mh-excerpt-more\" href=\"https:\/\/www.tucomarca.com\/wordpress\/segunda\/la-diputacio-aplaza-el-corte-de-la-cv-364-entre-benaguasil-y-pedralba-para-evitar-molestias-a-los-vecinos-en-verano\/\" title=\"La Diputaci\u00f3 aplaza el corte de la CV-364 entre Benaguasil y Pedralba para evitar molestias a los vecinos en verano\">[+] <\/a><\/div>\n","protected":false},"author":1,"featured_media":71830,"comment_status":"open","ping_status":"open","sticky":false,"template":"","format":"standard","meta":{"footnotes":""},"categories":[172,46,128,8,59,196,142,3,45],"tags":[10429,10395,204,10400,10448],"class_list":{"0":"post-71829","1":"post","2":"type-post","3":"status-publish","4":"format-standard","5":"has-post-thumbnail","7":"category-benaguasil","8":"category-camp-de-turia","9":"category-infraestructuras","10":"category-la-comarca","11":"category-los-serranos","12":"category-pedralba","13":"category-politica-la-comarca","14":"category-seccion","15":"category-ventana","16":"tag-benaguasil","17":"tag-camp-de-turia","18":"tag-diputacion","19":"tag-los-serranos","20":"tag-pedralba"},"_links":{"self":[{"href":"https:\/\/www.tucomarca.com\/wordpress\/segunda\/wp-json\/wp\/v2\/posts\/71829","targetHints":{"allow":["GET"]}}],"collection":[{"href":"https:\/\/www.tucomarca.com\/wordpress\/segunda\/wp-json\/wp\/v2\/posts"}],"about":[{"href":"https:\/\/www.tucomarca.com\/wordpress\/segunda\/wp-json\/wp\/v2\/types\/post"}],"author":[{"embeddable":true,"href":"https:\/\/www.tucomarca.com\/wordpress\/segunda\/wp-json\/wp\/v2\/users\/1"}],"replies":[{"embeddable":true,"href":"https:\/\/www.tucomarca.com\/wordpress\/segunda\/wp-json\/wp\/v2\/comments?post=71829"}],"version-history":[{"count":0,"href":"https:\/\/www.tucomarca.com\/wordpress\/segunda\/wp-json\/wp\/v2\/posts\/71829\/revisions"}],"wp:featuredmedia":[{"embeddable":true,"href":"https:\/\/www.tucomarca.com\/wordpress\/segunda\/wp-json\/wp\/v2\/media\/71830"}],"wp:attachment":[{"href":"https:\/\/www.tucomarca.com\/wordpress\/segunda\/wp-json\/wp\/v2\/media?parent=71829"}],"wp:term":[{"taxonomy":"category","embeddable":true,"href":"https:\/\/www.tucomarca.com\/wordpress\/segunda\/wp-json\/wp\/v2\/categories?post=71829"},{"taxonomy":"post_tag","embeddable":true,"href":"https:\/\/www.tucomarca.com\/wordpress\/segunda\/wp-json\/wp\/v2\/tags?post=71829"}],"curies":[{"name":"wp","href":"https:\/\/api.w.org\/{rel}","templated":true}]}}