{"id":7194,"date":"2012-09-11T17:42:48","date_gmt":"2012-09-11T15:42:48","guid":{"rendered":"http:\/\/www.tucomarca.com\/wordpress\/segunda\/?p=7194"},"modified":"2012-09-11T17:42:48","modified_gmt":"2012-09-11T15:42:48","slug":"la-diputacion-aprueba-la-distribucion-de-subvenciones-feder-para-el-interior-por-un-total-de-521-000-euros","status":"publish","type":"post","link":"https:\/\/www.tucomarca.com\/wordpress\/segunda\/la-diputacion-aprueba-la-distribucion-de-subvenciones-feder-para-el-interior-por-un-total-de-521-000-euros\/","title":{"rendered":"La Diputaci\u00f3n aprueba la distribuci\u00f3n de subvenciones Feder para el interior por un total de 521.000 euros"},"content":{"rendered":"<p>La Comisi\u00f3n de Cooperaci\u00f3n Municipal de la Diputaci\u00f3n de Valencia  ha aprobado esta ma\u00f1ana la distribuci\u00f3n de subvenciones procedentes de  los remanentes del programa Feder por un valor total de 521.000 euros  entre los municipios de la provincia.<\/p>\n<p>Las ayudas econ\u00f3micas de los  Fondos europeos Feder est\u00e1n destinadas al desarrollo sostenible de las  comarcas del interior y participadas por la Uni\u00f3n Europea, la  instituci\u00f3n provincial valenciana y los ayuntamientos.<\/p>\n<p>Los remanentes se destinar\u00e1n a la financiaci\u00f3n de proyectos  presentados en su d\u00eda a la convocatoria europea y se han originado a  partir de renuncias de obra, una menor ejecuci\u00f3n de los proyectos  previstos inicialmente o bajas del programa propuestas por los propios  municipios subvencionados anteriormente, entre otros motivos.<\/p>\n<p>\u201cEs una buena oportunidad para mejorar infraestructuras y  servicios locales, pues las ayudas servir\u00e1n para que aquellas  actuaciones que en su momento los ayuntamientos no pudieron acometer en  el proyecto inicial, u otras complementarias, puedan hacerlas ahora con  estas cuant\u00edas\u201d, ha manifestado el diputado de Cooperaci\u00f3n Municipal,  Juan Jos\u00e9 Medina.<\/p>\n<p>El diputado ha destacado tambi\u00e9n la \u201cgran acogida\u201d que suelen  tener estos fondos entre los alcaldes, porque \u201ces una inyecci\u00f3n  econ\u00f3mica con la que poder desarrollar proyectos municipales, dado que  la situaci\u00f3n econ\u00f3mica actual de los ayuntamientos no permite hacer  inversiones, y m\u00e1s a\u00fan porque se centralizan en zonas de escasa  poblaci\u00f3n e ingresos, por tanto, tambi\u00e9n bajos\u201d.La distribuci\u00f3n de remanentes del programa Feder es:<\/p>\n<table border=\"1\" cellspacing=\"0\" cellpadding=\"0\">\n<tbody>\n<tr>\n<td><strong>AYUNTAMIENTO<\/strong><\/td>\n<td><strong>ACTUACI\u00d3N<\/strong><\/td>\n<td><strong>IMPORTE<\/strong><\/td>\n<\/tr>\n<tr>\n<td>ARAS DE LOS OLMOS<\/td>\n<td>Aldea de Losilla: Calefacci\u00f3n Centro Social<\/td>\n<td>20.000 \u20ac<\/td>\n<\/tr>\n<tr>\n<td>BENAG\u00c9BER<\/td>\n<td>Ascensor Centro Social<\/td>\n<td>7.200 \u20ac<\/td>\n<\/tr>\n<tr>\n<td>BENAG\u00c9BER<\/td>\n<td>Sellado vertederos incontrolados<\/td>\n<td>36.000 \u20ac<\/td>\n<\/tr>\n<tr>\n<td>BUGARRA<\/td>\n<td>Incorporaci\u00f3n de la energ\u00eda solar t\u00e9rmica a las dotaciones p\u00fablicas que emplean agua caliente sanitaria<\/td>\n<td>20.000 \u20ac<\/td>\n<\/tr>\n<tr>\n<td>CHULILLA<\/td>\n<td>Construcci\u00f3n aparcamientos<\/td>\n<td>40.000 \u20ac<\/td>\n<\/tr>\n<tr>\n<td>GESTALGAR<\/td>\n<td>Servicio de ludoteca<\/td>\n<td>30.000 \u20ac<\/td>\n<\/tr>\n<tr>\n<td>LA YESA<\/td>\n<td>Se\u00f1alizaci\u00f3n rutas de senderismo<\/td>\n<td>30.000 \u20ac<\/td>\n<\/tr>\n<tr>\n<td>PEDRALBA<\/td>\n<td>Acondicionamiento local de la Guarder\u00eda Infantil<\/td>\n<td>30.000 \u20ac<\/td>\n<\/tr>\n<tr>\n<td>SOT DE CHERA<\/td>\n<td>Adecuaci\u00f3n Centro Multiusos que facilite el normal funcionamiento del Foro Ciudadano<\/td>\n<td>88.000 \u20ac<\/td>\n<\/tr>\n<tr>\n<td>UTIEL<\/td>\n<td>Aldea del Remedio: urbanizaci\u00f3n integral Plaza de la Entrada<\/td>\n<td>84.600 \u20ac<\/td>\n<\/tr>\n<tr>\n<td>VALLANCA<\/td>\n<td>Acondicionamiento del Entorno Natural de la Fuente del Chopo, Fuente del Herrero, Fuente del Romero<\/td>\n<td>30.000 \u20ac<\/td>\n<\/tr>\n<tr>\n<td>VENTA DEL MORO<\/td>\n<td>Las Monjas: asfaltado y pavimentaci\u00f3n de calles<\/td>\n<td>55.216 \u20ac<\/td>\n<\/tr>\n<tr>\n<td>VILLARGORDO DEL CABRIEL<\/td>\n<td>Poblado de Contreras: Equipamiento e instalaci\u00f3n de mobiliario de Parque y Polideportivo<\/td>\n<td>50.000 \u20ac<\/td>\n<\/tr>\n<\/tbody>\n<\/table>\n","protected":false},"excerpt":{"rendered":"<div class=\"mh-excerpt\">La Comisi\u00f3n de Cooperaci\u00f3n Municipal de la Diputaci\u00f3n de Valencia ha aprobado esta ma\u00f1ana la distribuci\u00f3n de subvenciones procedentes de los remanentes del programa Feder por un valor total de 521.000 euros entre los municipios <a class=\"mh-excerpt-more\" href=\"https:\/\/www.tucomarca.com\/wordpress\/segunda\/la-diputacion-aprueba-la-distribucion-de-subvenciones-feder-para-el-interior-por-un-total-de-521-000-euros\/\" title=\"La Diputaci\u00f3n aprueba la distribuci\u00f3n de subvenciones Feder para el interior por un total de 521.000 euros\">[+] <\/a><\/div>\n","protected":false},"author":1,"featured_media":0,"comment_status":"open","ping_status":"open","sticky":false,"template":"","format":"standard","meta":{"footnotes":""},"categories":[101,141,185,192,193,128,8,103,59,196,27,3,197,29,234,120],"tags":[],"class_list":{"0":"post-7194","1":"post","2":"type-post","3":"status-publish","4":"format-standard","6":"category-aras-de-olmos","7":"category-benageber","8":"category-bugarra","9":"category-chulilla","10":"category-gestalgar","11":"category-infraestructuras","12":"category-la-comarca","13":"category-la-yesa","14":"category-los-serranos","15":"category-pedralba","16":"category-requena-utiel","17":"category-seccion","18":"category-sot-de-chera","19":"category-utiel","20":"category-venta-del-moro","21":"category-villargordo-del-cabriel"},"_links":{"self":[{"href":"https:\/\/www.tucomarca.com\/wordpress\/segunda\/wp-json\/wp\/v2\/posts\/7194","targetHints":{"allow":["GET"]}}],"collection":[{"href":"https:\/\/www.tucomarca.com\/wordpress\/segunda\/wp-json\/wp\/v2\/posts"}],"about":[{"href":"https:\/\/www.tucomarca.com\/wordpress\/segunda\/wp-json\/wp\/v2\/types\/post"}],"author":[{"embeddable":true,"href":"https:\/\/www.tucomarca.com\/wordpress\/segunda\/wp-json\/wp\/v2\/users\/1"}],"replies":[{"embeddable":true,"href":"https:\/\/www.tucomarca.com\/wordpress\/segunda\/wp-json\/wp\/v2\/comments?post=7194"}],"version-history":[{"count":0,"href":"https:\/\/www.tucomarca.com\/wordpress\/segunda\/wp-json\/wp\/v2\/posts\/7194\/revisions"}],"wp:attachment":[{"href":"https:\/\/www.tucomarca.com\/wordpress\/segunda\/wp-json\/wp\/v2\/media?parent=7194"}],"wp:term":[{"taxonomy":"category","embeddable":true,"href":"https:\/\/www.tucomarca.com\/wordpress\/segunda\/wp-json\/wp\/v2\/categories?post=7194"},{"taxonomy":"post_tag","embeddable":true,"href":"https:\/\/www.tucomarca.com\/wordpress\/segunda\/wp-json\/wp\/v2\/tags?post=7194"}],"curies":[{"name":"wp","href":"https:\/\/api.w.org\/{rel}","templated":true}]}}