{"id":71968,"date":"2018-08-10T11:34:02","date_gmt":"2018-08-10T09:34:02","guid":{"rendered":"http:\/\/www.tucomarca.com\/wordpress\/segunda\/?p=71968"},"modified":"2018-08-10T14:48:41","modified_gmt":"2018-08-10T12:48:41","slug":"el-cd-bunol-continua-con-su-preparacion-con-el-partido-de-este-sabado-frente-al-cd-acero-en-el-beltran-baguena","status":"publish","type":"post","link":"https:\/\/www.tucomarca.com\/wordpress\/segunda\/el-cd-bunol-continua-con-su-preparacion-con-el-partido-de-este-sabado-frente-al-cd-acero-en-el-beltran-baguena\/","title":{"rendered":"El CD Bu\u00f1ol contin\u00faa su preparaci\u00f3n con el partido de este s\u00e1bado frente al Burriana en el Beltr\u00e1n B\u00e1guena"},"content":{"rendered":"<div dir=\"auto\">\n<figure id=\"attachment_71991\" aria-describedby=\"caption-attachment-71991\" style=\"width: 414px\" class=\"wp-caption alignleft\"><img loading=\"lazy\" decoding=\"async\" class=\" wp-image-71991\" src=\"https:\/\/www.tucomarca.com\/wordpress\/segunda\/wp-content\/uploads\/2018\/08\/CDBunol.jpg\" alt=\"El CD Bu\u00f1ol sigue en plena pretemporada. Foto: Ra\u00fal Miralles.\" width=\"414\" height=\"276\" srcset=\"https:\/\/www.tucomarca.com\/wordpress\/segunda\/wp-content\/uploads\/2018\/08\/CDBunol.jpg 5184w, https:\/\/www.tucomarca.com\/wordpress\/segunda\/wp-content\/uploads\/2018\/08\/CDBunol-300x200.jpg 300w, https:\/\/www.tucomarca.com\/wordpress\/segunda\/wp-content\/uploads\/2018\/08\/CDBunol-768x512.jpg 768w, https:\/\/www.tucomarca.com\/wordpress\/segunda\/wp-content\/uploads\/2018\/08\/CDBunol-1024x683.jpg 1024w\" sizes=\"auto, (max-width: 414px) 100vw, 414px\" \/><figcaption id=\"caption-attachment-71991\" class=\"wp-caption-text\">El CD Bu\u00f1ol sigue en plena pretemporada. Foto: Ra\u00fal Miralles.<\/figcaption><\/figure>\n<p>El pr\u00f3ximo encuentro de pretemporada del CD Bu\u00f1ol est\u00e1 previsto para este s\u00e1bado, 11 de agosto, en el Beltr\u00e1n B\u00e1guena frente al Burriana, aunque en un principio estaba previsto que se enfrentase al CD Acero;\u00a0y precedido de un viernes de entrenamiento por parte del primer equipo.<\/p>\n<p>Los de \u00c1lvaro Ort\u00ed van ya por su tercer encuentro de pretemporada, en este caso frente al Serranos, en el que han ca\u00eddo\u00a0derrotados por la m\u00ednima: 3-2.<\/p>\n<\/div>\n<div dir=\"auto\">\n<p>Aunque es cierto que este tipo de partidos son para probar cosas y ver las carencias de la plantilla, y este duelo ha dejado pocas malas sensaciones, sobre todo de cara a la porter\u00eda, ya que la p\u00f3lvora sigue funcionando, valieron los goles de David S\u00e1ez y Nacho Lozano, y el conjunto del equipo blanco di\u00f3 detalles de solidez y ganas.<\/p>\n<\/div>\n<div dir=\"auto\">\n<p>En el ecuador de la pretemporada, el balance\u00a0es positivo, y poco a poco a m\u00e1s. Informa, <strong>Ra\u00fal Miralles Lacalle<\/strong> @raulmks<\/p>\n<\/div>\n","protected":false},"excerpt":{"rendered":"<div class=\"mh-excerpt\">El pr\u00f3ximo encuentro de pretemporada del CD Bu\u00f1ol est\u00e1 previsto para este s\u00e1bado, 11 de agosto, en el Beltr\u00e1n B\u00e1guena frente al Burriana, aunque en un principio estaba previsto que se enfrentase al CD Acero;\u00a0y <a class=\"mh-excerpt-more\" href=\"https:\/\/www.tucomarca.com\/wordpress\/segunda\/el-cd-bunol-continua-con-su-preparacion-con-el-partido-de-este-sabado-frente-al-cd-acero-en-el-beltran-baguena\/\" title=\"El CD Bu\u00f1ol contin\u00faa su preparaci\u00f3n con el partido de este s\u00e1bado frente al Burriana en el Beltr\u00e1n B\u00e1guena\">[+] <\/a><\/div>\n","protected":false},"author":1,"featured_media":71991,"comment_status":"open","ping_status":"open","sticky":false,"template":"","format":"standard","meta":{"footnotes":""},"categories":[18,50,6,72,10,3,45],"tags":[537,10379,44,5952],"class_list":{"0":"post-71968","1":"post","2":"type-post","3":"status-publish","4":"format-standard","5":"has-post-thumbnail","7":"category-bunol","8":"category-futbol-deportes","9":"category-deportes","10":"category-sin-categorizar","11":"category-la-hoya","12":"category-seccion","13":"category-ventana","14":"tag-cd-bunol","15":"tag-deportes","16":"tag-futbol","17":"tag-la-hoya-de-bunol-chiva"},"_links":{"self":[{"href":"https:\/\/www.tucomarca.com\/wordpress\/segunda\/wp-json\/wp\/v2\/posts\/71968","targetHints":{"allow":["GET"]}}],"collection":[{"href":"https:\/\/www.tucomarca.com\/wordpress\/segunda\/wp-json\/wp\/v2\/posts"}],"about":[{"href":"https:\/\/www.tucomarca.com\/wordpress\/segunda\/wp-json\/wp\/v2\/types\/post"}],"author":[{"embeddable":true,"href":"https:\/\/www.tucomarca.com\/wordpress\/segunda\/wp-json\/wp\/v2\/users\/1"}],"replies":[{"embeddable":true,"href":"https:\/\/www.tucomarca.com\/wordpress\/segunda\/wp-json\/wp\/v2\/comments?post=71968"}],"version-history":[{"count":0,"href":"https:\/\/www.tucomarca.com\/wordpress\/segunda\/wp-json\/wp\/v2\/posts\/71968\/revisions"}],"wp:featuredmedia":[{"embeddable":true,"href":"https:\/\/www.tucomarca.com\/wordpress\/segunda\/wp-json\/wp\/v2\/media\/71991"}],"wp:attachment":[{"href":"https:\/\/www.tucomarca.com\/wordpress\/segunda\/wp-json\/wp\/v2\/media?parent=71968"}],"wp:term":[{"taxonomy":"category","embeddable":true,"href":"https:\/\/www.tucomarca.com\/wordpress\/segunda\/wp-json\/wp\/v2\/categories?post=71968"},{"taxonomy":"post_tag","embeddable":true,"href":"https:\/\/www.tucomarca.com\/wordpress\/segunda\/wp-json\/wp\/v2\/tags?post=71968"}],"curies":[{"name":"wp","href":"https:\/\/api.w.org\/{rel}","templated":true}]}}