{"id":7202,"date":"2012-09-12T09:11:15","date_gmt":"2012-09-12T07:11:15","guid":{"rendered":"http:\/\/www.tucomarca.com\/wordpress\/segunda\/?p=7202"},"modified":"2012-09-12T09:11:15","modified_gmt":"2012-09-12T07:11:15","slug":"jose-marin-es-elegido-nuevo-secretario-general-de-los-socialistas-de-cheste","status":"publish","type":"post","link":"https:\/\/www.tucomarca.com\/wordpress\/segunda\/jose-marin-es-elegido-nuevo-secretario-general-de-los-socialistas-de-cheste\/","title":{"rendered":"Jos\u00e9 Mar\u00edn es elegido nuevo Secretario General de los socialistas de Cheste"},"content":{"rendered":"<p>El veterano Jos\u00e9 Mar\u00edn ha sido elegido  nuevo Secretario General de los socialistas de Cheste durante la asamblea convocada el pasado fin de semana para renovar la Comisi\u00f3n Ejecutiva local y elegir a los representantes en el Comit\u00e9 Comarcal. Mar\u00edn tom\u00f3 de esta manera el relevo de Tal\u00eda Rosell\u00f3, quien ha liderado la agrupaci\u00f3n durante los \u00faltimos cuatro a\u00f1os y cuya gesti\u00f3n fue aprobada con un 60% de los votos.<br \/>\nLa lista presentada por Mar\u00edn, que obtuvo el respaldo del 58% de los asistentes, contaba con miembros de la anterior Comisi\u00f3n Ejecutiva, como Jos\u00e9 Morell, nuevo Vicesecretario General, Ver\u00f3nica Tejedor, quien se coloca al frente de Organizaci\u00f3n, o \u00c1ngel Peix, responsable de Administraci\u00f3n y Finanzas, entre otros. En la presidencia contaba adem\u00e1s con otro hist\u00f3rico de la agrupaci\u00f3n: el socialista Paco Llorens. Frente a Tar\u00edn present\u00f3 tambi\u00e9n su candidatura Jos\u00e9 Vicente Guijarro, cuya lista obtuvo el 42% de los votos emitidos y no obtuvo por tanto representaci\u00f3n.<br \/>\nLa asamblea abord\u00f3 por otra parte la elecci\u00f3n de los siete representantes de la agrupaci\u00f3n chestana en el Comit\u00e9 Comarcal, a la cual se presentaron dos listas, encabezadas por Neftal\u00ed Tar\u00edn y Angelita Mota. \u00c9sta \u00faltima fue la que obtuvo el respaldo mayoritario, con un 60,23% de los votos, mientras que la primera recibi\u00f3 el 39,77% de los sufragios. Seg\u00fan los estatutos del partido al respecto de la elecci\u00f3n de miembros a Comit\u00e9s y \u00f3rganos de control, al haber superado las dos candidaturas el 20% de los votos emitidos, la representaci\u00f3n en el Comit\u00e9 Comarcal qued\u00f3 repartida entre ambas, con cuatro miembros para la candidatura de Angelita Mota y tres para la de Neftal\u00ed Tar\u00edn. <\/p>\n","protected":false},"excerpt":{"rendered":"<div class=\"mh-excerpt\">El veterano Jos\u00e9 Mar\u00edn ha sido elegido nuevo Secretario General de los socialistas de Cheste durante la asamblea convocada el pasado fin de semana para renovar la Comisi\u00f3n Ejecutiva local y elegir a los representantes <a class=\"mh-excerpt-more\" href=\"https:\/\/www.tucomarca.com\/wordpress\/segunda\/jose-marin-es-elegido-nuevo-secretario-general-de-los-socialistas-de-cheste\/\" title=\"Jos\u00e9 Mar\u00edn es elegido nuevo Secretario General de los socialistas de Cheste\">[+] <\/a><\/div>\n","protected":false},"author":2,"featured_media":0,"comment_status":"open","ping_status":"open","sticky":false,"template":"","format":"standard","meta":{"footnotes":""},"categories":[17,8,10,142,3],"tags":[430],"class_list":{"0":"post-7202","1":"post","2":"type-post","3":"status-publish","4":"format-standard","6":"category-cheste","7":"category-la-comarca","8":"category-la-hoya","9":"category-politica-la-comarca","10":"category-seccion","11":"tag-psoe-cheste"},"_links":{"self":[{"href":"https:\/\/www.tucomarca.com\/wordpress\/segunda\/wp-json\/wp\/v2\/posts\/7202","targetHints":{"allow":["GET"]}}],"collection":[{"href":"https:\/\/www.tucomarca.com\/wordpress\/segunda\/wp-json\/wp\/v2\/posts"}],"about":[{"href":"https:\/\/www.tucomarca.com\/wordpress\/segunda\/wp-json\/wp\/v2\/types\/post"}],"author":[{"embeddable":true,"href":"https:\/\/www.tucomarca.com\/wordpress\/segunda\/wp-json\/wp\/v2\/users\/2"}],"replies":[{"embeddable":true,"href":"https:\/\/www.tucomarca.com\/wordpress\/segunda\/wp-json\/wp\/v2\/comments?post=7202"}],"version-history":[{"count":0,"href":"https:\/\/www.tucomarca.com\/wordpress\/segunda\/wp-json\/wp\/v2\/posts\/7202\/revisions"}],"wp:attachment":[{"href":"https:\/\/www.tucomarca.com\/wordpress\/segunda\/wp-json\/wp\/v2\/media?parent=7202"}],"wp:term":[{"taxonomy":"category","embeddable":true,"href":"https:\/\/www.tucomarca.com\/wordpress\/segunda\/wp-json\/wp\/v2\/categories?post=7202"},{"taxonomy":"post_tag","embeddable":true,"href":"https:\/\/www.tucomarca.com\/wordpress\/segunda\/wp-json\/wp\/v2\/tags?post=7202"}],"curies":[{"name":"wp","href":"https:\/\/api.w.org\/{rel}","templated":true}]}}