{"id":7204,"date":"2012-09-12T11:47:12","date_gmt":"2012-09-12T09:47:12","guid":{"rendered":"http:\/\/www.tucomarca.com\/wordpress\/segunda\/?p=7204"},"modified":"2012-09-12T11:47:12","modified_gmt":"2012-09-12T09:47:12","slug":"bienestar-social-destina-400-000-euros-para-financiar-actividades-extraescolares-organizadas-por-ampas","status":"publish","type":"post","link":"https:\/\/www.tucomarca.com\/wordpress\/segunda\/bienestar-social-destina-400-000-euros-para-financiar-actividades-extraescolares-organizadas-por-ampas\/","title":{"rendered":"Bienestar Social destina 400.000 euros para financiar actividades extraescolares organizadas por AMPAS"},"content":{"rendered":"<p>El secretario auton\u00f3mico de Familia y Solidaridad, Enrique Navarro, ha afirmado que la Direcci\u00f3n General de la Mujer y por la Igualdad destina este a\u00f1o un total de 400.000 euros para financiar 363 programas de actividades extraescolares organizadas por 243 Asociaciones de Madres y Padres de Alumnos (AMPAS) de la Comunitat Valenciana, con el objetivo de facilitar la conciliaci\u00f3n de la vida personal, familiar y laboral.<br \/>\nEn este sentido, ha explicado que en 2012 se benefician de estas ayudas un total de 12.240 escolares de Educaci\u00f3n Infantil y Primaria. Asimismo, ha indicado que de las AMPAS que reciben estas subvenciones, 49 son de la provincia de Castell\u00f3n, 73 de Alicante y 121 de la provincia de Valencia.<br \/>\nNavarro ha se\u00f1alado que es fundamental \u00abapoyar iniciativas como estos programas de las AMPAS, que ayudan a los padres a conciliar su vida personal, familiar y laboral, atendiendo para ello a la infancia\u00bb.<br \/>\nAsimismo, ha afirmado que estas actividades \u00abcontribuyen a que tanto las mujeres como los hombres puedan ser copart\u00edcipes en t\u00e9rminos de igualdad en el cuidado de sus hijos\u00bb.<br \/>\nActividades matinales y vacacionales<br \/>\nLos programas extraescolares que subvenciona la Conselleria de Justicia y Bienestar Social est\u00e1n destinados al alumnado de entre tres y doce a\u00f1os de edad de la red de centros escolares p\u00fablicos y concertados de la Generalitat. Las actividades se desarrollan mayoritariamente en la franja horaria comprendida entre las 7.00h y las 9.00h, por ser este el horario m\u00e1s frecuente de incorporaci\u00f3n de padres y madres a la jornada laboral. Adem\u00e1s, la Conselleria subvenciona aquellos programas que se realizan en per\u00edodos vacacionales.<br \/>\nCon estos programas complementarios al horario lectivo, el alumnado interact\u00faa con escolares de su misma edad, supervisados por personal cualificado, desarrollando actividades muy variadas, sobre todo educativas de tipo l\u00fadico como t\u00e9cnicas de estudio, teatro, manualidades, talleres de lectura e idiomas, cuentacuentos, o deportes, entre muchas otras.<br \/>\nEnrique Navarro ha afirmado que la familia \u00abconstituye el principal proveedor de bienestar de la sociedad, concebida como una instituci\u00f3n de apoyo a sus miembros y de contribuci\u00f3n a la econom\u00eda de la sociedad. Por ello, tenemos la responsabilidad de defender a las familias y mejorar su calidad de vida, y en esta tarea debemos implicar a toda la ciudadan\u00eda: poderes p\u00fablicos, sector empresarial, y sociedad en general\u00bb.<br \/>\nPor otra parte, ha hecho referencia a algunas de las medidas impulsadas por la Generalitat que tratan de fomentar la conciliaci\u00f3n de la vida personal, familiar y laboral. Entre ellas, ha destacado el Plan de Dinamizaci\u00f3n de Empresas para la Implantaci\u00f3n de Planes de Igualdad, as\u00ed como el I Plan Concilia de la Generalitat, en el que trabaja actualmente la Conselleria.<br \/>\nPor \u00faltimo, el secretario auton\u00f3mico de Familia y Solidaridad ha subrayado la necesidad de cambiar la mentalidad de la sociedad, para conseguir la racionalizaci\u00f3n de la jornada laboral y la flexibilizaci\u00f3n de los horarios de trabajo para que las personas puedan conciliar la vida familiar y laboral. <\/p>\n","protected":false},"excerpt":{"rendered":"<div class=\"mh-excerpt\">El secretario auton\u00f3mico de Familia y Solidaridad, Enrique Navarro, ha afirmado que la Direcci\u00f3n General de la Mujer y por la Igualdad destina este a\u00f1o un total de 400.000 euros para financiar 363 programas de <a class=\"mh-excerpt-more\" href=\"https:\/\/www.tucomarca.com\/wordpress\/segunda\/bienestar-social-destina-400-000-euros-para-financiar-actividades-extraescolares-organizadas-por-ampas\/\" title=\"Bienestar Social destina 400.000 euros para financiar actividades extraescolares organizadas por AMPAS\">[+] <\/a><\/div>\n","protected":false},"author":2,"featured_media":0,"comment_status":"open","ping_status":"open","sticky":false,"template":"","format":"standard","meta":{"footnotes":""},"categories":[8,72,10,3],"tags":[75],"class_list":{"0":"post-7204","1":"post","2":"type-post","3":"status-publish","4":"format-standard","6":"category-la-comarca","7":"category-sin-categorizar","8":"category-la-hoya","9":"category-seccion","10":"tag-educacion"},"_links":{"self":[{"href":"https:\/\/www.tucomarca.com\/wordpress\/segunda\/wp-json\/wp\/v2\/posts\/7204","targetHints":{"allow":["GET"]}}],"collection":[{"href":"https:\/\/www.tucomarca.com\/wordpress\/segunda\/wp-json\/wp\/v2\/posts"}],"about":[{"href":"https:\/\/www.tucomarca.com\/wordpress\/segunda\/wp-json\/wp\/v2\/types\/post"}],"author":[{"embeddable":true,"href":"https:\/\/www.tucomarca.com\/wordpress\/segunda\/wp-json\/wp\/v2\/users\/2"}],"replies":[{"embeddable":true,"href":"https:\/\/www.tucomarca.com\/wordpress\/segunda\/wp-json\/wp\/v2\/comments?post=7204"}],"version-history":[{"count":0,"href":"https:\/\/www.tucomarca.com\/wordpress\/segunda\/wp-json\/wp\/v2\/posts\/7204\/revisions"}],"wp:attachment":[{"href":"https:\/\/www.tucomarca.com\/wordpress\/segunda\/wp-json\/wp\/v2\/media?parent=7204"}],"wp:term":[{"taxonomy":"category","embeddable":true,"href":"https:\/\/www.tucomarca.com\/wordpress\/segunda\/wp-json\/wp\/v2\/categories?post=7204"},{"taxonomy":"post_tag","embeddable":true,"href":"https:\/\/www.tucomarca.com\/wordpress\/segunda\/wp-json\/wp\/v2\/tags?post=7204"}],"curies":[{"name":"wp","href":"https:\/\/api.w.org\/{rel}","templated":true}]}}