{"id":72057,"date":"2018-08-13T20:11:05","date_gmt":"2018-08-13T18:11:05","guid":{"rendered":"http:\/\/www.tucomarca.com\/wordpress\/segunda\/?p=72057"},"modified":"2018-08-13T20:11:05","modified_gmt":"2018-08-13T18:11:05","slug":"los-nuevos-ifs-de-la-diputacio-destinan-700-000-euros-a-los-municipios-del-rincon-de-ademuz","status":"publish","type":"post","link":"https:\/\/www.tucomarca.com\/wordpress\/segunda\/los-nuevos-ifs-de-la-diputacio-destinan-700-000-euros-a-los-municipios-del-rincon-de-ademuz\/","title":{"rendered":"Los nuevos IFS de la Diputaci\u00f3 destinan 700.000 euros a los municipios del Rinc\u00f3n de Ademuz"},"content":{"rendered":"<figure id=\"attachment_68439\" aria-describedby=\"caption-attachment-68439\" style=\"width: 451px\" class=\"wp-caption alignleft\"><img loading=\"lazy\" decoding=\"async\" class=\" wp-image-68439\" src=\"https:\/\/www.tucomarca.com\/wordpress\/segunda\/wp-content\/uploads\/2018\/04\/MJosepAmigo.jpg\" alt=\"La vicepresidenta M\u00aa Josep Amig\u00f3.\" width=\"451\" height=\"293\" srcset=\"https:\/\/www.tucomarca.com\/wordpress\/segunda\/wp-content\/uploads\/2018\/04\/MJosepAmigo.jpg 2362w, https:\/\/www.tucomarca.com\/wordpress\/segunda\/wp-content\/uploads\/2018\/04\/MJosepAmigo-300x195.jpg 300w, https:\/\/www.tucomarca.com\/wordpress\/segunda\/wp-content\/uploads\/2018\/04\/MJosepAmigo-768x499.jpg 768w, https:\/\/www.tucomarca.com\/wordpress\/segunda\/wp-content\/uploads\/2018\/04\/MJosepAmigo-1024x665.jpg 1024w\" sizes=\"auto, (max-width: 451px) 100vw, 451px\" \/><figcaption id=\"caption-attachment-68439\" class=\"wp-caption-text\">La vicepresidenta M\u00aa Josep Amig\u00f3.<\/figcaption><\/figure>\n<p>La Diputaci\u00f3 de Val\u00e8ncia ha aprobado una nueva convocatoria del plan de Inversiones Financieramente Sostenibles (IFS), el cuarto desde que se inici\u00f3 la legislatura. En esta ocasi\u00f3n, los 9 municipios del Rinc\u00f3n de Ademuz dispondr\u00e1n de 693.102,75 euros para mejorar espacios y servicios p\u00fablicos en actuaciones que tendr\u00e1n que ejecutarse antes del 31 de diciembre de 2019, y que podr\u00e1n financiar obras ya realizadas desde el 1 de enero de este a\u00f1o.<\/p>\n<p>La cuant\u00eda de las ayudas alcanza desde los 68.075 euros de Casas Altas hasta los 148.124 euros para el municipio de Castielfabib, pasando por los 143.399 euros de Ademuz o los 95.038,02 euros para el municipio de la Puebla de San Miguel.<\/p>\n<p>La vicepresidenta, Maria Josep Amig\u00f3, ha asegurado que \u201ctres a\u00f1os despu\u00e9s del cambio pol\u00edtico, esta corporaci\u00f3n ha consolidado una nueva forma de gobernar, basada en la justicia en el reparto de los recursos, la colaboraci\u00f3n con la Generalitat, la gesti\u00f3n eficaz que fomenta la autonom\u00eda municipal y el fin del clientelismo\u201d.<\/p>\n<p>Adem\u00e1s, Amig\u00f3 ha afirmado que estos planes \u201csirven para paliar el d\u00e9ficit de financiaci\u00f3n de nuestros pueblos y ciudades, que ha imposibilitado en muchos casos la prestaci\u00f3n de servicios b\u00e1sicos de calidad\u201d.<\/p>\n<p>Por su parte, el diputado de Cooperaci\u00f3n, Emili Altur, ha se\u00f1alado que los ayuntamientos \u201ctienen pr\u00e1cticamente libertad absoluta para decidir en qu\u00e9 obras se invierte el dinero\u201d, con un cat\u00e1logo que alcanza desde la mejora de redes de abastecimiento de agua y alcantarillado hasta la renovaci\u00f3n de instalaciones deportivas, pasando por recogida y tratamiento de residuos, energ\u00eda, iluminaci\u00f3n p\u00fablica, gesti\u00f3n del conocimiento, promoci\u00f3n tur\u00edstica, comercio, parques y jardines, ordenaci\u00f3n del tr\u00e1fico, equipamientos culturales, carreteras y caminos, protecci\u00f3n del patrimonio e intervenci\u00f3n en colegios de Infantil y Primaria.<\/p>\n<p>Respecto a los criterios de reparto de estas ayudas, tanto para el Rinc\u00f3n de Ademuz c\u00f3mo para el resto de comarcas, Altur ha explicado que \u201cel 34% se concede por el valor marginal, o lo que es lo mismo la mera existencia como municipio, el 30% en funci\u00f3n de la poblaci\u00f3n, el 10% seg\u00fan la superficie y otro tanto en funci\u00f3n del n\u00famero de parados registrado, y otros par\u00e1metros como el coste de los servicios, la existencia de n\u00facleos hist\u00f3ricos o la adhesi\u00f3n al Pacto de Alcald\u00edas, que mide la implicaci\u00f3n de cada municipio con el medio ambiente\u201d.<\/p>\n<p><strong>M\u00e1s de 140 millones de euros<\/strong><\/p>\n<p>Con este nuevo IFS, que se prolongar\u00e1 hasta el final de la legislatura, la Diputaci\u00f3n ha invertido en las comarcas valencianas 140 millones de euros desde 2015, en el marco de un plan que ha sido valorado con un 9,1 sobre 10 por los alcaldes y alcaldesas, en la encuesta recientemente publicada por la corporaci\u00f3n.<\/p>\n<p>Los 266 municipios de la provincia recibir\u00e1n fondo de este programa, que destina 33 millones de euros a los 261 municipios de menos de 50.000 habitantes y 2 millones de euros a los cuatro municipios de m\u00e1s de 50.000 y los pueblos de Valencia ciudad, que antes se conoc\u00edan como pedan\u00edas.<\/p>\n","protected":false},"excerpt":{"rendered":"<div class=\"mh-excerpt\">La Diputaci\u00f3 de Val\u00e8ncia ha aprobado una nueva convocatoria del plan de Inversiones Financieramente Sostenibles (IFS), el cuarto desde que se inici\u00f3 la legislatura. En esta ocasi\u00f3n, los 9 municipios del Rinc\u00f3n de Ademuz dispondr\u00e1n <a class=\"mh-excerpt-more\" href=\"https:\/\/www.tucomarca.com\/wordpress\/segunda\/los-nuevos-ifs-de-la-diputacio-destinan-700-000-euros-a-los-municipios-del-rincon-de-ademuz\/\" title=\"Los nuevos IFS de la Diputaci\u00f3 destinan 700.000 euros a los municipios del Rinc\u00f3n de Ademuz\">[+] <\/a><\/div>\n","protected":false},"author":1,"featured_media":68439,"comment_status":"open","ping_status":"open","sticky":false,"template":"","format":"standard","meta":{"footnotes":""},"categories":[49,223,224,225,226,128,8,227,142,3,228,229,45],"tags":[10397,204],"class_list":{"0":"post-72057","1":"post","2":"type-post","3":"status-publish","4":"format-standard","5":"has-post-thumbnail","7":"category-ademuz","8":"category-ademuz-ademuz","9":"category-casas-altas","10":"category-casas-bajas","11":"category-castielfabib","12":"category-infraestructuras","13":"category-la-comarca","14":"category-la-puebla-de-san-miguel","15":"category-politica-la-comarca","16":"category-seccion","17":"category-torrebaja","18":"category-vallanca","19":"category-ventana","20":"tag-ademuz","21":"tag-diputacion"},"_links":{"self":[{"href":"https:\/\/www.tucomarca.com\/wordpress\/segunda\/wp-json\/wp\/v2\/posts\/72057","targetHints":{"allow":["GET"]}}],"collection":[{"href":"https:\/\/www.tucomarca.com\/wordpress\/segunda\/wp-json\/wp\/v2\/posts"}],"about":[{"href":"https:\/\/www.tucomarca.com\/wordpress\/segunda\/wp-json\/wp\/v2\/types\/post"}],"author":[{"embeddable":true,"href":"https:\/\/www.tucomarca.com\/wordpress\/segunda\/wp-json\/wp\/v2\/users\/1"}],"replies":[{"embeddable":true,"href":"https:\/\/www.tucomarca.com\/wordpress\/segunda\/wp-json\/wp\/v2\/comments?post=72057"}],"version-history":[{"count":0,"href":"https:\/\/www.tucomarca.com\/wordpress\/segunda\/wp-json\/wp\/v2\/posts\/72057\/revisions"}],"wp:featuredmedia":[{"embeddable":true,"href":"https:\/\/www.tucomarca.com\/wordpress\/segunda\/wp-json\/wp\/v2\/media\/68439"}],"wp:attachment":[{"href":"https:\/\/www.tucomarca.com\/wordpress\/segunda\/wp-json\/wp\/v2\/media?parent=72057"}],"wp:term":[{"taxonomy":"category","embeddable":true,"href":"https:\/\/www.tucomarca.com\/wordpress\/segunda\/wp-json\/wp\/v2\/categories?post=72057"},{"taxonomy":"post_tag","embeddable":true,"href":"https:\/\/www.tucomarca.com\/wordpress\/segunda\/wp-json\/wp\/v2\/tags?post=72057"}],"curies":[{"name":"wp","href":"https:\/\/api.w.org\/{rel}","templated":true}]}}