{"id":72137,"date":"2018-08-14T21:41:56","date_gmt":"2018-08-14T19:41:56","guid":{"rendered":"http:\/\/www.tucomarca.com\/wordpress\/segunda\/?p=72137"},"modified":"2018-08-14T21:41:56","modified_gmt":"2018-08-14T19:41:56","slug":"la-diputacio-de-valencia-realiza-mejoras-para-aumentar-la-eficiencia-energetica-del-colegio-el-garbi-de-leliana","status":"publish","type":"post","link":"https:\/\/www.tucomarca.com\/wordpress\/segunda\/la-diputacio-de-valencia-realiza-mejoras-para-aumentar-la-eficiencia-energetica-del-colegio-el-garbi-de-leliana\/","title":{"rendered":"La Diputaci\u00f3 de Val\u00e8ncia realiza mejoras para aumentar la eficiencia energ\u00e9tica del colegio El Garb\u00ed de L&#8217;Eliana"},"content":{"rendered":"<figure id=\"attachment_72138\" aria-describedby=\"caption-attachment-72138\" style=\"width: 535px\" class=\"wp-caption alignleft\"><img loading=\"lazy\" decoding=\"async\" class=\" wp-image-72138\" src=\"https:\/\/www.tucomarca.com\/wordpress\/segunda\/wp-content\/uploads\/2018\/08\/Millores-Garbi-1.jpg\" alt=\"Las inversiones llevadas a cabo en el centro permitir\u00e1n la instalaci\u00f3n de luces tipo LED y la sustituci\u00f3n de ventanas y cristaleras en las puertas.\" width=\"535\" height=\"401\" srcset=\"https:\/\/www.tucomarca.com\/wordpress\/segunda\/wp-content\/uploads\/2018\/08\/Millores-Garbi-1.jpg 4032w, https:\/\/www.tucomarca.com\/wordpress\/segunda\/wp-content\/uploads\/2018\/08\/Millores-Garbi-1-300x225.jpg 300w, https:\/\/www.tucomarca.com\/wordpress\/segunda\/wp-content\/uploads\/2018\/08\/Millores-Garbi-1-768x576.jpg 768w, https:\/\/www.tucomarca.com\/wordpress\/segunda\/wp-content\/uploads\/2018\/08\/Millores-Garbi-1-1024x768.jpg 1024w\" sizes=\"auto, (max-width: 535px) 100vw, 535px\" \/><figcaption id=\"caption-attachment-72138\" class=\"wp-caption-text\">Las inversiones llevadas a cabo en el centro permitir\u00e1n la instalaci\u00f3n de luces tipo LED y la sustituci\u00f3n de ventanas y cristaleras en las puertas.<\/figcaption><\/figure>\n<p>El presupuesto de ejecuci\u00f3n con el que cuenta esta actuaci\u00f3n es de 180.000 euros, financiados \u00edntegramente por la Diputaci\u00f3n y que ir\u00e1n destinados a la sustituci\u00f3n completa de ventanas, as\u00ed como de los cristales en las puertas de entrada del CEIP El Garb\u00ed.<\/p>\n<p>Tambi\u00e9n se sustituir\u00e1n las luminarias del interior del colegio por luminarias tipo LED, que llevar\u00e1n incorporadas sensores de detecci\u00f3n de presencia. Este tipo de luces se utilizan con el objetivo de reducir el consumo en iluminaci\u00f3n y de este modo mejorar la eficiencia energ\u00e9tica del centro.<\/p>\n<p>Las inversiones realizadas en el colegio, pertenecen al Plan Municipal de Mantenimiento de Escuelas que lleva a cabo la Diputaci\u00f3n de Valencia y que invertir\u00e1 durante todo 2018, m\u00e1s de cinco millones y medio de euros en 38 centros de la provincia de Val\u00e8ncia.<\/p>\n<p>Para la edil de Servicios Urbanos, Marta Andr\u00e9s, \u201cestas obras van a permitir mejorar la eficiencia energ\u00e9tica del colegio El Garb\u00ed, gracias a las inversiones realizadas por la Diputaci\u00f3n. Tanto la entidad provincial como el Ayuntamiento de L\u2019Eliana, apostamos por mejorar la sostenibilidad ambiental y la eficiencia energ\u00e9tica de nuestras instalaciones municipales\u201d.<\/p>\n<p><b>Avanzan las obras de mejora del itinerario escolar<span class=\"Apple-converted-space\">\u00a0<\/span><\/b><\/p>\n<p>El pasado 18 de julio empezaron las obras que se est\u00e1n llevando a cabo en las calles Juan XXIII y Bonaire, con el objetivo de mejorar el itinerario escolar de los centros educativos l\u2019Olivera y Virgen del Carmen. Estas actuaciones se enmarcan dentro del Plan de Movilidad y Accesibilidad Sostenible de l\u2019Eliana y fue una de las propuestas escogidas por la ciudadan\u00eda en los Presupuestos Participativos de l\u2019Eliana, para el a\u00f1o 2018 y cuenta con un presupuesto de 65.000 euros.<\/p>\n<p>Las obras estar\u00e1n concluidas en septiembre con la ampliaci\u00f3n de las aceras adyacentes a ambos centros educativos, haciendo m\u00e1s accesible el entorno de los colegios y respondiendo a los problemas de tr\u00e1fico ocasionados por la presencia masiva de coches a la hora de entrada y salida de los escolares.<\/p>\n","protected":false},"excerpt":{"rendered":"<div class=\"mh-excerpt\">El presupuesto de ejecuci\u00f3n con el que cuenta esta actuaci\u00f3n es de 180.000 euros, financiados \u00edntegramente por la Diputaci\u00f3n y que ir\u00e1n destinados a la sustituci\u00f3n completa de ventanas, as\u00ed como de los cristales en <a class=\"mh-excerpt-more\" href=\"https:\/\/www.tucomarca.com\/wordpress\/segunda\/la-diputacio-de-valencia-realiza-mejoras-para-aumentar-la-eficiencia-energetica-del-colegio-el-garbi-de-leliana\/\" title=\"La Diputaci\u00f3 de Val\u00e8ncia realiza mejoras para aumentar la eficiencia energ\u00e9tica del colegio El Garb\u00ed de L&#8217;Eliana\">[+] <\/a><\/div>\n","protected":false},"author":1,"featured_media":72138,"comment_status":"open","ping_status":"open","sticky":false,"template":"","format":"standard","meta":{"footnotes":""},"categories":[46,128,177,8,72,142,3,45],"tags":[10395,204,10433],"class_list":{"0":"post-72137","1":"post","2":"type-post","3":"status-publish","4":"format-standard","5":"has-post-thumbnail","7":"category-camp-de-turia","8":"category-infraestructuras","9":"category-leliana","10":"category-la-comarca","11":"category-sin-categorizar","12":"category-politica-la-comarca","13":"category-seccion","14":"category-ventana","15":"tag-camp-de-turia","16":"tag-diputacion","17":"tag-leliana"},"_links":{"self":[{"href":"https:\/\/www.tucomarca.com\/wordpress\/segunda\/wp-json\/wp\/v2\/posts\/72137","targetHints":{"allow":["GET"]}}],"collection":[{"href":"https:\/\/www.tucomarca.com\/wordpress\/segunda\/wp-json\/wp\/v2\/posts"}],"about":[{"href":"https:\/\/www.tucomarca.com\/wordpress\/segunda\/wp-json\/wp\/v2\/types\/post"}],"author":[{"embeddable":true,"href":"https:\/\/www.tucomarca.com\/wordpress\/segunda\/wp-json\/wp\/v2\/users\/1"}],"replies":[{"embeddable":true,"href":"https:\/\/www.tucomarca.com\/wordpress\/segunda\/wp-json\/wp\/v2\/comments?post=72137"}],"version-history":[{"count":0,"href":"https:\/\/www.tucomarca.com\/wordpress\/segunda\/wp-json\/wp\/v2\/posts\/72137\/revisions"}],"wp:featuredmedia":[{"embeddable":true,"href":"https:\/\/www.tucomarca.com\/wordpress\/segunda\/wp-json\/wp\/v2\/media\/72138"}],"wp:attachment":[{"href":"https:\/\/www.tucomarca.com\/wordpress\/segunda\/wp-json\/wp\/v2\/media?parent=72137"}],"wp:term":[{"taxonomy":"category","embeddable":true,"href":"https:\/\/www.tucomarca.com\/wordpress\/segunda\/wp-json\/wp\/v2\/categories?post=72137"},{"taxonomy":"post_tag","embeddable":true,"href":"https:\/\/www.tucomarca.com\/wordpress\/segunda\/wp-json\/wp\/v2\/tags?post=72137"}],"curies":[{"name":"wp","href":"https:\/\/api.w.org\/{rel}","templated":true}]}}