{"id":72145,"date":"2018-08-14T22:17:56","date_gmt":"2018-08-14T20:17:56","guid":{"rendered":"http:\/\/www.tucomarca.com\/wordpress\/segunda\/?p=72145"},"modified":"2018-08-14T22:17:56","modified_gmt":"2018-08-14T20:17:56","slug":"el-ayuntamiento-de-requena-lanza-una-campana-para-cuidar-el-medio-ambiente-el-consumo-de-alcohol-responsable-asi-como-unas-fiestas-libres-de-sexismo","status":"publish","type":"post","link":"https:\/\/www.tucomarca.com\/wordpress\/segunda\/el-ayuntamiento-de-requena-lanza-una-campana-para-cuidar-el-medio-ambiente-el-consumo-de-alcohol-responsable-asi-como-unas-fiestas-libres-de-sexismo\/","title":{"rendered":"El Ayuntamiento de Requena lanza una campa\u00f1a para cuidar el medio ambiente, el consumo de alcohol responsable, as\u00ed como unas fiestas libres de sexismo"},"content":{"rendered":"<figure id=\"attachment_72146\" aria-describedby=\"caption-attachment-72146\" style=\"width: 349px\" class=\"wp-caption alignleft\"><img loading=\"lazy\" decoding=\"async\" class=\" wp-image-72146\" src=\"https:\/\/www.tucomarca.com\/wordpress\/segunda\/wp-content\/uploads\/2018\/08\/NO-es-NO.jpg\" alt=\"Estas fiestas: disfruta y respeta(te).\" width=\"349\" height=\"464\" srcset=\"https:\/\/www.tucomarca.com\/wordpress\/segunda\/wp-content\/uploads\/2018\/08\/NO-es-NO.jpg 461w, https:\/\/www.tucomarca.com\/wordpress\/segunda\/wp-content\/uploads\/2018\/08\/NO-es-NO-226x300.jpg 226w\" sizes=\"auto, (max-width: 349px) 100vw, 349px\" \/><figcaption id=\"caption-attachment-72146\" class=\"wp-caption-text\">Estas fiestas: disfruta y respeta(te).<\/figcaption><\/figure>\n<p>Desde el Ayuntamiento de Requena, las Concejal\u00edas de Igualdad, Servicios Sociales y Medio Ambiente han lanzado una nueva campa\u00f1a cuyo objetivo es garantizar unas fiestas libres de sexismo, adecuadas a las buenas pr\u00e1cticas medioambientales y que logren concienciar a sus asistentes para realizar un consumo responsable de las bebidas alcoh\u00f3licas y otras sustancias.<\/p>\n<p>Esta nueva campa\u00f1a, que se suma a algunas de las ya realizadas en otros a\u00f1os, consiste en el reparto de 6.000 vasos entre la gente m\u00e1s joven y gracias a la implicaci\u00f3n de la Uni\u00f3n de Racimos.<span class=\"Apple-converted-space\">\u00a0 <\/span>Estos vasos, reutilizables, tienen como principal objetivo reducir la contaminaci\u00f3n producida por el uso de vasos de pl\u00e1stico desechables durante las fiestas, por ello llevan impreso el <i>hashtag<\/i> de la campa\u00f1a \u201c#RespetaTuEntorno\u201d.<\/p>\n<p>Adem\u00e1s, este proyecto tambi\u00e9n contin\u00faa con la labor de las campa\u00f1as anteriores. Por ello, los vasos tambi\u00e9n contar\u00e1n con el lema \u201cNO es NO\u201d, lanzado por la Concejal\u00eda de Igualdad, que busca la prevenci\u00f3n de agresiones sexuales que pudieran producirse durante la Feria y Fiesta de la Vendimia.<\/p>\n<p>Los vasos llevar\u00e1n tambi\u00e9n el lema lanzado por la UPCCA (Unidad de Prevenci\u00f3n Comunitaria de Conductas Adictivas) \u201cControla\u2026 Disfruta de la fiesta\u201d, el cual pretende concienciar y prevenir el consumo irresponsable de alcohol y otras sustancias durante estas fiestas, especialmente en menores.<\/p>\n<p>De este modo, mediante la distribuci\u00f3n de los vasos y la difusi\u00f3n tanto del <i>hashtag<\/i> como de los lemas de las campa\u00f1as, el Ayuntamiento de Requena, la LXXI Fiesta de la Vendimia y la Uni\u00f3n de Racimos buscan lograr el fomento del ocio saludable y responsable.<\/p>\n","protected":false},"excerpt":{"rendered":"<div class=\"mh-excerpt\">Desde el Ayuntamiento de Requena, las Concejal\u00edas de Igualdad, Servicios Sociales y Medio Ambiente han lanzado una nueva campa\u00f1a cuyo objetivo es garantizar unas fiestas libres de sexismo, adecuadas a las buenas pr\u00e1cticas medioambientales y <a class=\"mh-excerpt-more\" href=\"https:\/\/www.tucomarca.com\/wordpress\/segunda\/el-ayuntamiento-de-requena-lanza-una-campana-para-cuidar-el-medio-ambiente-el-consumo-de-alcohol-responsable-asi-como-unas-fiestas-libres-de-sexismo\/\" title=\"El Ayuntamiento de Requena lanza una campa\u00f1a para cuidar el medio ambiente, el consumo de alcohol responsable, as\u00ed como unas fiestas libres de sexismo\">[+] <\/a><\/div>\n","protected":false},"author":1,"featured_media":72146,"comment_status":"open","ping_status":"open","sticky":false,"template":"","format":"standard","meta":{"footnotes":""},"categories":[8,5,117,383,28,27,3],"tags":[10388,10387],"class_list":{"0":"post-72145","1":"post","2":"type-post","3":"status-publish","4":"format-standard","5":"has-post-thumbnail","7":"category-la-comarca","8":"category-la-semana-en-imagenes","9":"category-medio-ambiente-la-comarca","10":"category-pueblos-en-fiestas","11":"category-requena","12":"category-requena-utiel","13":"category-seccion","14":"tag-requena","15":"tag-requena-utiel"},"_links":{"self":[{"href":"https:\/\/www.tucomarca.com\/wordpress\/segunda\/wp-json\/wp\/v2\/posts\/72145","targetHints":{"allow":["GET"]}}],"collection":[{"href":"https:\/\/www.tucomarca.com\/wordpress\/segunda\/wp-json\/wp\/v2\/posts"}],"about":[{"href":"https:\/\/www.tucomarca.com\/wordpress\/segunda\/wp-json\/wp\/v2\/types\/post"}],"author":[{"embeddable":true,"href":"https:\/\/www.tucomarca.com\/wordpress\/segunda\/wp-json\/wp\/v2\/users\/1"}],"replies":[{"embeddable":true,"href":"https:\/\/www.tucomarca.com\/wordpress\/segunda\/wp-json\/wp\/v2\/comments?post=72145"}],"version-history":[{"count":0,"href":"https:\/\/www.tucomarca.com\/wordpress\/segunda\/wp-json\/wp\/v2\/posts\/72145\/revisions"}],"wp:featuredmedia":[{"embeddable":true,"href":"https:\/\/www.tucomarca.com\/wordpress\/segunda\/wp-json\/wp\/v2\/media\/72146"}],"wp:attachment":[{"href":"https:\/\/www.tucomarca.com\/wordpress\/segunda\/wp-json\/wp\/v2\/media?parent=72145"}],"wp:term":[{"taxonomy":"category","embeddable":true,"href":"https:\/\/www.tucomarca.com\/wordpress\/segunda\/wp-json\/wp\/v2\/categories?post=72145"},{"taxonomy":"post_tag","embeddable":true,"href":"https:\/\/www.tucomarca.com\/wordpress\/segunda\/wp-json\/wp\/v2\/tags?post=72145"}],"curies":[{"name":"wp","href":"https:\/\/api.w.org\/{rel}","templated":true}]}}