{"id":7216,"date":"2012-09-13T09:33:38","date_gmt":"2012-09-13T07:33:38","guid":{"rendered":"http:\/\/www.tucomarca.com\/wordpress\/segunda\/?p=7216"},"modified":"2012-09-13T09:33:38","modified_gmt":"2012-09-13T07:33:38","slug":"la-noche-previa-a-la-tomatina-se-salda-con-dos-agresiones-sexuales-y-el-brutal-ataque-a-un-joven-vendedor-ambulante","status":"publish","type":"post","link":"https:\/\/www.tucomarca.com\/wordpress\/segunda\/la-noche-previa-a-la-tomatina-se-salda-con-dos-agresiones-sexuales-y-el-brutal-ataque-a-un-joven-vendedor-ambulante\/","title":{"rendered":"La noche previa a La Tomatina se salda con dos agresiones sexuales y el brutal ataque a un joven vendedor ambulante"},"content":{"rendered":"<p>Como inform\u00f3 este semanario en su edici\u00f3n impresa, la noche previa a la edici\u00f3n de La Tomatina de este a\u00f1o ha dejado un balance ciertamente preocupante en el cap\u00edtulo de sucesos. Seg\u00fan ha podido confirmar este semanario de fuentes policiales, las horas m\u00e1s cr\u00edticas en materia de seguridad se han vivido en la madrugada del martes 28 al mi\u00e9rcoles 29 en la que se dieron cita en esta poblaci\u00f3n de La Hoya miles de personas para disfrutar de La Tomatina.<br \/>\nNo obstante, entre las miles de personas deseosas de participar en la fiestas tambi\u00e9n hubo quienes aprovecharon la aglomeraci\u00f3n de gente para dar rienda suelta a sus instintos m\u00e1s criminales.<br \/>\nAs\u00ed, las dos agresiones sexuales registradas y la brutal acci\u00f3n cometida contra un joven senegal\u00e9s al que se empuj\u00f3 literalmente por el puente de La Jarra \u2014concretamente en la zona de los chiringuitos\u2014 han sido los hechos m\u00e1s graves de los que ha tenido conocimiento tucomarca.com.<br \/>\nAs\u00ed, este semanario ha tenido constancia de la denuncia de dos agresiones sexuales cometidas en la madrugada del martes al mi\u00e9rcoles y que han derivado en la detenci\u00f3n de sus dos presuntos autores que han pasado a disposici\u00f3n judicial.<br \/>\nEn una de ellas se vio involucrada una joven, quien fue atacada por un individuo de entre 25 y 30 a\u00f1os, seg\u00fan han confirmado fuentes policiales a este semanario.<br \/>\nLa estrecha colaboraci\u00f3n entre Polic\u00eda Local, Polic\u00eda Judicial y Guardia Civil de Bu\u00f1ol permiti\u00f3 la r\u00e1pida detenci\u00f3n del supuesto autor apenas unas horas despu\u00e9s.<br \/>\nRespecto a la segunda agresi\u00f3n sexual, fue la Polic\u00eda Local de Bu\u00f1ol la que detuvo a un hombre en la ma\u00f1ana del mi\u00e9rcoles 29 tras ser acusado del intento de abuso de otra persona del mismo sexo.<br \/>\nA estas agresiones hay que sumar la denunciada en torno a las 4,30 horas de la ma\u00f1ana previa a La Tomatina, momento en el que los servicios del 112 \u2014seg\u00fan fuentes de la Guardia Civil de Valencia\u2014 recibieron un aviso en el que se denunci\u00f3 el ataque a un vendedor ambulante de origen senegal\u00e9s y de 32 a\u00f1os al que, como se pudo comprobar m\u00e1s tarde, se hab\u00eda tirado puente abajo. La brutal ca\u00edda provoc\u00f3 da\u00f1os graves al joven, quien fue r\u00e1pidamente trasladado e ingresado en el Hospital de Manises donde permanec\u00eda al cierre de esta edici\u00f3n, aunque ya en planta, tras abandonar la UCI.<br \/>\nEsta incalificable acci\u00f3n est\u00e1 siendo investigada con especial atenci\u00f3n por la Polic\u00eda Judicial de la Guardia Civil con el firme prop\u00f3sito de proceder a la detenci\u00f3n del autor o autores del lamentable suceso.<\/p>\n","protected":false},"excerpt":{"rendered":"<div class=\"mh-excerpt\">Como inform\u00f3 este semanario en su edici\u00f3n impresa, la noche previa a la edici\u00f3n de La Tomatina de este a\u00f1o ha dejado un balance ciertamente preocupante en el cap\u00edtulo de sucesos. Seg\u00fan ha podido confirmar <a class=\"mh-excerpt-more\" href=\"https:\/\/www.tucomarca.com\/wordpress\/segunda\/la-noche-previa-a-la-tomatina-se-salda-con-dos-agresiones-sexuales-y-el-brutal-ataque-a-un-joven-vendedor-ambulante\/\" title=\"La noche previa a La Tomatina se salda con dos agresiones sexuales y el brutal ataque a un joven vendedor ambulante\">[+] <\/a><\/div>\n","protected":false},"author":2,"featured_media":0,"comment_status":"open","ping_status":"open","sticky":false,"template":"","format":"standard","meta":{"footnotes":""},"categories":[18,8,10,142,3],"tags":[96],"class_list":{"0":"post-7216","1":"post","2":"type-post","3":"status-publish","4":"format-standard","6":"category-bunol","7":"category-la-comarca","8":"category-la-hoya","9":"category-politica-la-comarca","10":"category-seccion","11":"tag-tomatina"},"_links":{"self":[{"href":"https:\/\/www.tucomarca.com\/wordpress\/segunda\/wp-json\/wp\/v2\/posts\/7216","targetHints":{"allow":["GET"]}}],"collection":[{"href":"https:\/\/www.tucomarca.com\/wordpress\/segunda\/wp-json\/wp\/v2\/posts"}],"about":[{"href":"https:\/\/www.tucomarca.com\/wordpress\/segunda\/wp-json\/wp\/v2\/types\/post"}],"author":[{"embeddable":true,"href":"https:\/\/www.tucomarca.com\/wordpress\/segunda\/wp-json\/wp\/v2\/users\/2"}],"replies":[{"embeddable":true,"href":"https:\/\/www.tucomarca.com\/wordpress\/segunda\/wp-json\/wp\/v2\/comments?post=7216"}],"version-history":[{"count":0,"href":"https:\/\/www.tucomarca.com\/wordpress\/segunda\/wp-json\/wp\/v2\/posts\/7216\/revisions"}],"wp:attachment":[{"href":"https:\/\/www.tucomarca.com\/wordpress\/segunda\/wp-json\/wp\/v2\/media?parent=7216"}],"wp:term":[{"taxonomy":"category","embeddable":true,"href":"https:\/\/www.tucomarca.com\/wordpress\/segunda\/wp-json\/wp\/v2\/categories?post=7216"},{"taxonomy":"post_tag","embeddable":true,"href":"https:\/\/www.tucomarca.com\/wordpress\/segunda\/wp-json\/wp\/v2\/tags?post=7216"}],"curies":[{"name":"wp","href":"https:\/\/api.w.org\/{rel}","templated":true}]}}