{"id":7226,"date":"2012-09-13T14:26:28","date_gmt":"2012-09-13T12:26:28","guid":{"rendered":"http:\/\/www.tucomarca.com\/wordpress\/segunda\/?p=7226"},"modified":"2012-09-13T14:26:28","modified_gmt":"2012-09-13T12:26:28","slug":"la-asociacion-contra-el-cancer-recauda-en-turis-mas-de-600-euros-gracias-a-la-caminata-solidaria-celebrada-en-altury","status":"publish","type":"post","link":"https:\/\/www.tucomarca.com\/wordpress\/segunda\/la-asociacion-contra-el-cancer-recauda-en-turis-mas-de-600-euros-gracias-a-la-caminata-solidaria-celebrada-en-altury\/","title":{"rendered":"La Asociaci\u00f3n Contra el C\u00e1ncer recauda en Tur\u00eds m\u00e1s de 600 euros gracias a la caminata solidaria celebrada en Altury"},"content":{"rendered":"<p>Alrededor de un centenar de personas participaron el fin de semana pasado en la marcha solidaria contra el c\u00e1ncer organizada por la comunidad inglesa de la urbanizaci\u00f3n Altury en colaboraci\u00f3n con la Junta Local Contra el C\u00e1ncer y el Ayuntamiento de Tur\u00eds. Los caminantes ataviados con el pa\u00f1uelo de color rosa, emblema de la asociaci\u00f3n, recorrieron estoicamente los nueve quil\u00f3metros de que constaba la prueba no competitiva bajo un sol de justicia y jalonada de contin\u00faas subidas y bajadas.<br \/>\nLa cita, a la que no faltaron la Alcaldesa de la localidad, Pilar Lozano, y la concejal de Bienestar Social, Marian Lozano, junto a los representantes de la asociaci\u00f3n en Altury, Kathy y David Gilbert, consigui\u00f3 recaudar m\u00e1s de 600 euros para la causa. Adem\u00e1s de los participantes numerosos vecinos que pasaban por la zona se sumaron con sus donativos as\u00ed como el bar \u201cEl limonero\u201d, de Montserrat, que aport\u00f3 una hucha con 100 euros procedentes de su clientela.<\/p>\n","protected":false},"excerpt":{"rendered":"<div class=\"mh-excerpt\">Alrededor de un centenar de personas participaron el fin de semana pasado en la marcha solidaria contra el c\u00e1ncer organizada por la comunidad inglesa de la urbanizaci\u00f3n Altury en colaboraci\u00f3n con la Junta Local Contra <a class=\"mh-excerpt-more\" href=\"https:\/\/www.tucomarca.com\/wordpress\/segunda\/la-asociacion-contra-el-cancer-recauda-en-turis-mas-de-600-euros-gracias-a-la-caminata-solidaria-celebrada-en-altury\/\" title=\"La Asociaci\u00f3n Contra el C\u00e1ncer recauda en Tur\u00eds m\u00e1s de 600 euros gracias a la caminata solidaria celebrada en Altury\">[+] <\/a><\/div>\n","protected":false},"author":2,"featured_media":7229,"comment_status":"open","ping_status":"open","sticky":false,"template":"","format":"standard","meta":{"footnotes":""},"categories":[8,42,3,43,45],"tags":[431],"class_list":{"0":"post-7226","1":"post","2":"type-post","3":"status-publish","4":"format-standard","5":"has-post-thumbnail","7":"category-la-comarca","8":"category-la-ribera","9":"category-seccion","10":"category-turis","11":"category-ventana","12":"tag-lucha-contra-el-cancer"},"_links":{"self":[{"href":"https:\/\/www.tucomarca.com\/wordpress\/segunda\/wp-json\/wp\/v2\/posts\/7226","targetHints":{"allow":["GET"]}}],"collection":[{"href":"https:\/\/www.tucomarca.com\/wordpress\/segunda\/wp-json\/wp\/v2\/posts"}],"about":[{"href":"https:\/\/www.tucomarca.com\/wordpress\/segunda\/wp-json\/wp\/v2\/types\/post"}],"author":[{"embeddable":true,"href":"https:\/\/www.tucomarca.com\/wordpress\/segunda\/wp-json\/wp\/v2\/users\/2"}],"replies":[{"embeddable":true,"href":"https:\/\/www.tucomarca.com\/wordpress\/segunda\/wp-json\/wp\/v2\/comments?post=7226"}],"version-history":[{"count":0,"href":"https:\/\/www.tucomarca.com\/wordpress\/segunda\/wp-json\/wp\/v2\/posts\/7226\/revisions"}],"wp:featuredmedia":[{"embeddable":true,"href":"https:\/\/www.tucomarca.com\/wordpress\/segunda\/wp-json\/wp\/v2\/media\/7229"}],"wp:attachment":[{"href":"https:\/\/www.tucomarca.com\/wordpress\/segunda\/wp-json\/wp\/v2\/media?parent=7226"}],"wp:term":[{"taxonomy":"category","embeddable":true,"href":"https:\/\/www.tucomarca.com\/wordpress\/segunda\/wp-json\/wp\/v2\/categories?post=7226"},{"taxonomy":"post_tag","embeddable":true,"href":"https:\/\/www.tucomarca.com\/wordpress\/segunda\/wp-json\/wp\/v2\/tags?post=7226"}],"curies":[{"name":"wp","href":"https:\/\/api.w.org\/{rel}","templated":true}]}}