{"id":7268,"date":"2012-09-24T10:09:59","date_gmt":"2012-09-24T08:09:59","guid":{"rendered":"http:\/\/www.tucomarca.com\/wordpress\/segunda\/?p=7268"},"modified":"2012-09-24T10:09:59","modified_gmt":"2012-09-24T08:09:59","slug":"la-catedra-blanca-de-valencia-premia-la-casa-de-hormigon-mas-ecologica","status":"publish","type":"post","link":"https:\/\/www.tucomarca.com\/wordpress\/segunda\/la-catedra-blanca-de-valencia-premia-la-casa-de-hormigon-mas-ecologica\/","title":{"rendered":"La c\u00e1tedra blanca de Valencia premia la casa de hormig\u00f3n m\u00e1s ecol\u00f3gica"},"content":{"rendered":"<p>La nueva cantera de arquitectos de la Universidad Polit\u00e9cnica de Valencia (UPV) ha agudizado su ingenio para dise\u00f1ar la casa mediterr\u00e1nea en hormig\u00f3n m\u00e1s sostenible del mercado. Una vivienda ecol\u00f3gica, econ\u00f3mica, confortable y flexible son los requisitos exigidos en esta edici\u00f3n el concurso de la C\u00e1tedra Blanca de arquitectura organizado por la Fundaci\u00f3n CEMEX y la UPV.<br \/>\nAs\u00ed, un total de 33 proyectos realizados por m\u00e1s de 70 alumnos se han presentado este a\u00f1o al concurso con el objetivo de optar a un reconocimiento nacional que en un futuro pr\u00f3ximo puede diferenciarles del resto de su promoci\u00f3n. El r\u00e9cord de participaci\u00f3n registrado en esta edici\u00f3n junto a la calidad de los tres proyectos finalistas ha sorprendido a un jurado profesional formado, entre otros, por el prestigioso arquitecto espa\u00f1ol Juan de Otegui y Telleria. El jurado lo completa Vicente M\u00e1s, arquitecto y director de la C\u00e1tedra Blanca y de la ETSA de Valencia, Jaime Isla, director del \u00e1rea de Cemento Blanco de CEMEX, Jorge Torres, director de proyectos arquitect\u00f3nicos de la UPV y dos representantes de la delegaci\u00f3n de alumnos.<br \/>\n \u201cEl talento es un requisito indispensable para dise\u00f1ar un buen proyecto, pero no el \u00fanico. El dise\u00f1o de estas viviendas ha tenido que adaptarse a un presupuesto limitado, mantener una relaci\u00f3n calidad-precio cre\u00edble y ser coherente con el clima en el que se inserta\u201d, afirma Jaime Isla, director del \u00e1rea de Cemento Blanco de CEMEX.<\/p>\n<p>Reconocimiento de car\u00e1cter nacional<br \/>\nEl primer premio valorado en 2.000 euros, ha reca\u00eddo sobre las valencianas Ana Pe\u00f1\u00edn y Mar\u00eda Jes\u00fas Mora y su proyecto JENK + BINK. El segundo reconocimiento valorado en 1.000 euros ha sido para el t\u00e1ndem Alberto Fern\u00e1ndez y David Mint\u00f3n. Finalmente, Joaqu\u00edn Ruiz se ha hecho con el tercer premio valorado en 500 euros.<br \/>\nLos organizadores de la C\u00e1tedra, la Fundaci\u00f3n CEMEX Espa\u00f1a y la Universidad Polit\u00e9cnica de Valencia, han realizado hoy, en el marco de la inauguraci\u00f3n del curso acad\u00e9mico, la entrega de estos galardones que, en su und\u00e9cima edici\u00f3n, ha reivindicado el uso del hormig\u00f3n como material sostenible en la construcci\u00f3n de viviendas e infraestructuras como las carreteras.<br \/>\n\u201cComo hemos podido ver hoy, hormig\u00f3n y ecolog\u00eda caminan juntos hacia un futuro comprometido con el medio ambiente. Las viviendas, las carreteras, los t\u00faneles o los viales secundarios construidos en hormig\u00f3n forman parte de la arquitectura tradicional y sostenible en nuestro pa\u00eds. Gracias a ello, el hormig\u00f3n es hoy por hoy un material totalmente sostenible\u201d, ha concluido Isla. <\/p>\n","protected":false},"excerpt":{"rendered":"<div class=\"mh-excerpt\">La nueva cantera de arquitectos de la Universidad Polit\u00e9cnica de Valencia (UPV) ha agudizado su ingenio para dise\u00f1ar la casa mediterr\u00e1nea en hormig\u00f3n m\u00e1s sostenible del mercado. Una vivienda ecol\u00f3gica, econ\u00f3mica, confortable y flexible son <a class=\"mh-excerpt-more\" href=\"https:\/\/www.tucomarca.com\/wordpress\/segunda\/la-catedra-blanca-de-valencia-premia-la-casa-de-hormigon-mas-ecologica\/\" title=\"La c\u00e1tedra blanca de Valencia premia la casa de hormig\u00f3n m\u00e1s ecol\u00f3gica\">[+] <\/a><\/div>\n","protected":false},"author":2,"featured_media":0,"comment_status":"open","ping_status":"open","sticky":false,"template":"","format":"standard","meta":{"footnotes":""},"categories":[128,8,10,3],"tags":[255],"class_list":{"0":"post-7268","1":"post","2":"type-post","3":"status-publish","4":"format-standard","6":"category-infraestructuras","7":"category-la-comarca","8":"category-la-hoya","9":"category-seccion","10":"tag-cemex"},"_links":{"self":[{"href":"https:\/\/www.tucomarca.com\/wordpress\/segunda\/wp-json\/wp\/v2\/posts\/7268","targetHints":{"allow":["GET"]}}],"collection":[{"href":"https:\/\/www.tucomarca.com\/wordpress\/segunda\/wp-json\/wp\/v2\/posts"}],"about":[{"href":"https:\/\/www.tucomarca.com\/wordpress\/segunda\/wp-json\/wp\/v2\/types\/post"}],"author":[{"embeddable":true,"href":"https:\/\/www.tucomarca.com\/wordpress\/segunda\/wp-json\/wp\/v2\/users\/2"}],"replies":[{"embeddable":true,"href":"https:\/\/www.tucomarca.com\/wordpress\/segunda\/wp-json\/wp\/v2\/comments?post=7268"}],"version-history":[{"count":0,"href":"https:\/\/www.tucomarca.com\/wordpress\/segunda\/wp-json\/wp\/v2\/posts\/7268\/revisions"}],"wp:attachment":[{"href":"https:\/\/www.tucomarca.com\/wordpress\/segunda\/wp-json\/wp\/v2\/media?parent=7268"}],"wp:term":[{"taxonomy":"category","embeddable":true,"href":"https:\/\/www.tucomarca.com\/wordpress\/segunda\/wp-json\/wp\/v2\/categories?post=7268"},{"taxonomy":"post_tag","embeddable":true,"href":"https:\/\/www.tucomarca.com\/wordpress\/segunda\/wp-json\/wp\/v2\/tags?post=7268"}],"curies":[{"name":"wp","href":"https:\/\/api.w.org\/{rel}","templated":true}]}}